{"id":26464,"date":"2020-07-22T00:28:38","date_gmt":"2020-07-22T00:28:38","guid":{"rendered":"https:\/\/armstrongyregion.com.ar\/diario\/?p=26464"},"modified":"2020-07-22T00:28:41","modified_gmt":"2020-07-22T00:28:41","slug":"situacion-epidemiologica-de-la-provincia-de-santa-fe-en-relacion-al-coronavirus-6","status":"publish","type":"post","link":"https:\/\/armstrongyregion.com.ar\/diario\/situacion-epidemiologica-de-la-provincia-de-santa-fe-en-relacion-al-coronavirus-6\/","title":{"rendered":"Situaci\u00f3n epidemiol\u00f3gica de la provincia de Santa Fe en relaci\u00f3n al coronavirus"},"content":{"rendered":"\n<figure class=\"wp-block-image size-large\"><img loading=\"lazy\" decoding=\"async\" width=\"451\" height=\"250\" src=\"http:\/\/armstrongyregion.com.ar\/diario\/wp-content\/uploads\/2020\/06\/covid-19-.png\" alt=\"\" class=\"wp-image-26235\" srcset=\"https:\/\/armstrongyregion.com.ar\/diario\/wp-content\/uploads\/2020\/06\/covid-19-.png 451w, https:\/\/armstrongyregion.com.ar\/diario\/wp-content\/uploads\/2020\/06\/covid-19--300x166.png 300w\" sizes=\"auto, (max-width: 451px) 100vw, 451px\" \/><\/figure>\n\n\n\n<h2 class=\"wp-block-heading\"> Informe actualizado al martes 21 de julio a las 19hs. <\/h2>\n\n\n\n<figure class=\"wp-block-table\"><table class=\"\"><tbody><tr><td><br>&nbsp;El Ministerio de Salud de Santa Fe, a trav\u00e9s de la Direcci\u00f3n Provincial de Epidemiolog\u00eda, informa a la poblaci\u00f3n que en el d\u00eda de la fecha&nbsp;<strong>se han confirmado 35 casos nuevos de COVID-19<\/strong>, en el territorio provincial.<strong>Casos nuevos confirmados<\/strong>Los casos nuevos corresponden a las localidades de:7 de Rosario (1 contacto con caso confirmado y 6 en investigaci\u00f3n).7 de Santa Isabel (contactos de casos confirmados).5 de Zavalla (4 contactos con casos confirmados y 1 en investigaci\u00f3n).4 de Arteaga (3 contacto de casos confirmados y 1 en investigaci\u00f3n).3 de Venado Tuerto (contacto con casos confirmados).3 de P\u00e9rez (contactos con casos confirmados).2 de San Jos\u00e9 de la Esquina (contactos con casos confirmados).1 de Villa Constituci\u00f3n (en investigaci\u00f3n).1 de Helvecia (en investigaci\u00f3n).1 de San Lorenzo (contacto con caso confirmado).1 de Pueblo Esther (antecedente de viaja a provincia con circulaci\u00f3n).<strong>Casos totales confirmados<\/strong><strong>El total de casos desde el comienzo de la pandemia a la fecha es 753.&nbsp;<\/strong>De esos casos, 736 fueron atendidos y estudiados en la provincia, 17 fuera de la misma, pero de pacientes con residencia habitual en Santa Fe (6 en provincia de Buenos Aires, 3 de Salta, 2 en Mendoza, 2 estudiado en Chaco, 3 en CABA y 1 estudiado en C\u00f3rdoba). De los 736 casos confirmados y notificados en la Provincia de Santa Fe un total de 128 (17%) casos manifestaron antecedente de viaje al exterior, 8 (1%) casos tuvieron contacto con personas con extranjeros o antecedente de viaje al extranjero, 479 (65%) casos tuvieron contacto con casos confirmados, 43 (6%) casos tuvieron viaje a Provincias con circulaci\u00f3n, 4 (1%) casos son por transmisi\u00f3n comunitaria y 74 (10%) casos se encuentran en investigaci\u00f3n.<strong>Fallecidos<\/strong>En el d\u00eda de la fecha fallecieron dos (2) personas confirmadas por COVID-19, una de 93 a\u00f1os oriunda de la localidad de Pav\u00f3n y otra de 90 a\u00f1os oriunda de la localidad de Zavalla.Hasta la fecha se registran un total de once (11) fallecidos para la provincia.<strong>Internados<\/strong>Cinco (5) pacientes se encuentran internados en cuidados intensivos: 1 con asistencia respiratoria mec\u00e1nica y 4 sin asistencia respiratoria mec\u00e1nica.Treinta (30) pacientes se encuentran internados en sala general. Los dem\u00e1s casos confirmados presentan una evoluci\u00f3n favorable.<strong>Recuperados<\/strong>Hay un total de 469 pacientes recuperados.<\/td><\/tr><\/tbody><\/table><\/figure>\n","protected":false},"excerpt":{"rendered":"<p>Informe actualizado al martes 21 de julio a las 19hs. &nbsp;El Ministerio de Salud de Santa Fe, a trav\u00e9s de la Direcci\u00f3n Provincial de Epidemiolog\u00eda, informa a la poblaci\u00f3n que en el d\u00eda de la fecha&nbsp;se han confirmado 35 casos nuevos de COVID-19, en el territorio provincial.Casos nuevos confirmadosLos casos nuevos corresponden a las localidades <a href=\"https:\/\/armstrongyregion.com.ar\/diario\/situacion-epidemiologica-de-la-provincia-de-santa-fe-en-relacion-al-coronavirus-6\/\" title=\"Read more\" >&#8230;<\/a><\/p>\n","protected":false},"author":1,"featured_media":26235,"comment_status":"open","ping_status":"open","sticky":false,"template":"","format":"image","meta":{"_jetpack_memberships_contains_paid_content":false,"footnotes":"","jetpack_publicize_message":"","jetpack_publicize_feature_enabled":true,"jetpack_social_post_already_shared":true,"jetpack_social_options":{"image_generator_settings":{"template":"highway","default_image_id":0,"enabled":false},"version":2}},"categories":[8,1,2,7,3],"tags":[],"class_list":["post-26464","post","type-post","status-publish","format-image","has-post-thumbnail","hentry","category-deliberando","category-diario-armstrong","category-locales","category-politica","category-region","post_format-post-format-image"],"jetpack_publicize_connections":[],"jetpack_featured_media_url":"https:\/\/armstrongyregion.com.ar\/diario\/wp-content\/uploads\/2020\/06\/covid-19-.png","jetpack_shortlink":"https:\/\/wp.me\/p62QDO-6SQ","jetpack_sharing_enabled":true,"amp_enabled":true,"_links":{"self":[{"href":"https:\/\/armstrongyregion.com.ar\/diario\/wp-json\/wp\/v2\/posts\/26464","targetHints":{"allow":["GET"]}}],"collection":[{"href":"https:\/\/armstrongyregion.com.ar\/diario\/wp-json\/wp\/v2\/posts"}],"about":[{"href":"https:\/\/armstrongyregion.com.ar\/diario\/wp-json\/wp\/v2\/types\/post"}],"author":[{"embeddable":true,"href":"https:\/\/armstrongyregion.com.ar\/diario\/wp-json\/wp\/v2\/users\/1"}],"replies":[{"embeddable":true,"href":"https:\/\/armstrongyregion.com.ar\/diario\/wp-json\/wp\/v2\/comments?post=26464"}],"version-history":[{"count":1,"href":"https:\/\/armstrongyregion.com.ar\/diario\/wp-json\/wp\/v2\/posts\/26464\/revisions"}],"predecessor-version":[{"id":26465,"href":"https:\/\/armstrongyregion.com.ar\/diario\/wp-json\/wp\/v2\/posts\/26464\/revisions\/26465"}],"wp:featuredmedia":[{"embeddable":true,"href":"https:\/\/armstrongyregion.com.ar\/diario\/wp-json\/wp\/v2\/media\/26235"}],"wp:attachment":[{"href":"https:\/\/armstrongyregion.com.ar\/diario\/wp-json\/wp\/v2\/media?parent=26464"}],"wp:term":[{"taxonomy":"category","embeddable":true,"href":"https:\/\/armstrongyregion.com.ar\/diario\/wp-json\/wp\/v2\/categories?post=26464"},{"taxonomy":"post_tag","embeddable":true,"href":"https:\/\/armstrongyregion.com.ar\/diario\/wp-json\/wp\/v2\/tags?post=26464"}],"curies":[{"name":"wp","href":"https:\/\/api.w.org\/{rel}","templated":true}]}}