{"id":26444,"date":"2020-07-20T14:25:26","date_gmt":"2020-07-20T14:25:26","guid":{"rendered":"https:\/\/armstrongyregion.com.ar\/diario\/?p=26444"},"modified":"2020-07-20T14:25:30","modified_gmt":"2020-07-20T14:25:30","slug":"desde-el-sabado-18-se-encuentran-acreditados-los-fondos-de-la-tarjeta-unica-de-ciudadania","status":"publish","type":"post","link":"https:\/\/armstrongyregion.com.ar\/diario\/desde-el-sabado-18-se-encuentran-acreditados-los-fondos-de-la-tarjeta-unica-de-ciudadania\/","title":{"rendered":"Desde el s\u00e1bado 18 se encuentran acreditados los fondos de la Tarjeta \u00danica de Ciudadan\u00eda"},"content":{"rendered":"\n<figure class=\"wp-block-image size-large\"><img loading=\"lazy\" decoding=\"async\" width=\"961\" height=\"541\" src=\"http:\/\/armstrongyregion.com.ar\/diario\/wp-content\/uploads\/2020\/07\/santa-fe-.png\" alt=\"\" class=\"wp-image-26445\" srcset=\"https:\/\/armstrongyregion.com.ar\/diario\/wp-content\/uploads\/2020\/07\/santa-fe-.png 961w, https:\/\/armstrongyregion.com.ar\/diario\/wp-content\/uploads\/2020\/07\/santa-fe--300x169.png 300w, https:\/\/armstrongyregion.com.ar\/diario\/wp-content\/uploads\/2020\/07\/santa-fe--768x432.png 768w\" sizes=\"auto, (max-width: 961px) 100vw, 961px\" \/><\/figure>\n\n\n\n<p>El Ministerio de Desarrollo Social, a trav\u00e9s de la Direcci\u00f3n Provincial Programa Alimentario, informa que a partir del S\u00e1bado 18 de Julio de 2020 se encuentran acreditados los fondos de la Tarjeta \u00danica de Ciudadan\u00eda correspondientes al mes de Julio, en todas las localidades de la Provincia de Santa Fe.<\/p>\n\n\n\n<p>Asimismo, recordamos los derechos y obligaciones a las y los beneficiarios de la tarjeta<\/p>\n\n\n\n<p>&lt;&lt; Presentar DNI<\/p>\n\n\n\n<p>&lt;&lt; No existe la obligaci\u00f3n de gastar todo el monto en una sola compra y un solo comercio<\/p>\n\n\n\n<p>&lt;&lt; Nadie puede retener la tarjeta<\/p>\n\n\n\n<p>&lt;&lt; Debe exigirse el comprobarte de la compra con el saldo de la tarjeta<\/p>\n\n\n\n<p>&lt;&lt; Puede realizarse la compra en cualquier comercio adherido a la red<\/p>\n\n\n\n<p>&lt;&lt; El comerciante no puede recargar el precio por el uso de la tarjeta<\/p>\n\n\n\n<p>Ante cualquier irregularidad, debe realizarse la denuncia en la comuna o municipio correspondiente y, tambi\u00e9n, en el Ministerio de Desarrollo Social de Santa Fe,&nbsp; comunic\u00e1ndose al tel\u00e9fono (0342) 4579269 o a trav\u00e9s<br>de&nbsp;<a href=\"http:\/\/www.santafe.gov.ar\/\" target=\"_blank\" rel=\"noreferrer noopener\">www.santafe.gov.ar<\/a><br><\/p>\n","protected":false},"excerpt":{"rendered":"<p>El Ministerio de Desarrollo Social, a trav\u00e9s de la Direcci\u00f3n Provincial Programa Alimentario, informa que a partir del S\u00e1bado 18 de Julio de 2020 se encuentran acreditados los fondos de la Tarjeta \u00danica de Ciudadan\u00eda correspondientes al mes de Julio, en todas las localidades de la Provincia de Santa Fe. Asimismo, recordamos los derechos y <a href=\"https:\/\/armstrongyregion.com.ar\/diario\/desde-el-sabado-18-se-encuentran-acreditados-los-fondos-de-la-tarjeta-unica-de-ciudadania\/\" title=\"Read more\" >&#8230;<\/a><\/p>\n","protected":false},"author":1,"featured_media":26445,"comment_status":"open","ping_status":"open","sticky":false,"template":"","format":"image","meta":{"_jetpack_memberships_contains_paid_content":false,"footnotes":"","jetpack_publicize_message":"","jetpack_publicize_feature_enabled":true,"jetpack_social_post_already_shared":true,"jetpack_social_options":{"image_generator_settings":{"template":"highway","default_image_id":0,"enabled":false},"version":2}},"categories":[8,1,2,7,3],"tags":[],"class_list":["post-26444","post","type-post","status-publish","format-image","has-post-thumbnail","hentry","category-deliberando","category-diario-armstrong","category-locales","category-politica","category-region","post_format-post-format-image"],"jetpack_publicize_connections":[],"jetpack_featured_media_url":"https:\/\/armstrongyregion.com.ar\/diario\/wp-content\/uploads\/2020\/07\/santa-fe-.png","jetpack_shortlink":"https:\/\/wp.me\/p62QDO-6Sw","jetpack_sharing_enabled":true,"amp_enabled":true,"_links":{"self":[{"href":"https:\/\/armstrongyregion.com.ar\/diario\/wp-json\/wp\/v2\/posts\/26444","targetHints":{"allow":["GET"]}}],"collection":[{"href":"https:\/\/armstrongyregion.com.ar\/diario\/wp-json\/wp\/v2\/posts"}],"about":[{"href":"https:\/\/armstrongyregion.com.ar\/diario\/wp-json\/wp\/v2\/types\/post"}],"author":[{"embeddable":true,"href":"https:\/\/armstrongyregion.com.ar\/diario\/wp-json\/wp\/v2\/users\/1"}],"replies":[{"embeddable":true,"href":"https:\/\/armstrongyregion.com.ar\/diario\/wp-json\/wp\/v2\/comments?post=26444"}],"version-history":[{"count":1,"href":"https:\/\/armstrongyregion.com.ar\/diario\/wp-json\/wp\/v2\/posts\/26444\/revisions"}],"predecessor-version":[{"id":26446,"href":"https:\/\/armstrongyregion.com.ar\/diario\/wp-json\/wp\/v2\/posts\/26444\/revisions\/26446"}],"wp:featuredmedia":[{"embeddable":true,"href":"https:\/\/armstrongyregion.com.ar\/diario\/wp-json\/wp\/v2\/media\/26445"}],"wp:attachment":[{"href":"https:\/\/armstrongyregion.com.ar\/diario\/wp-json\/wp\/v2\/media?parent=26444"}],"wp:term":[{"taxonomy":"category","embeddable":true,"href":"https:\/\/armstrongyregion.com.ar\/diario\/wp-json\/wp\/v2\/categories?post=26444"},{"taxonomy":"post_tag","embeddable":true,"href":"https:\/\/armstrongyregion.com.ar\/diario\/wp-json\/wp\/v2\/tags?post=26444"}],"curies":[{"name":"wp","href":"https:\/\/api.w.org\/{rel}","templated":true}]}}