{"id":26439,"date":"2020-07-20T00:21:18","date_gmt":"2020-07-20T00:21:18","guid":{"rendered":"https:\/\/armstrongyregion.com.ar\/diario\/?p=26439"},"modified":"2020-07-20T00:21:21","modified_gmt":"2020-07-20T00:21:21","slug":"situacion-epidemiologica-de-la-provincia-de-santa-fe-en-relacion-al-coronavirus-5","status":"publish","type":"post","link":"https:\/\/armstrongyregion.com.ar\/diario\/situacion-epidemiologica-de-la-provincia-de-santa-fe-en-relacion-al-coronavirus-5\/","title":{"rendered":"Situaci\u00f3n epidemiol\u00f3gica de la provincia de Santa Fe en relaci\u00f3n al coronavirus"},"content":{"rendered":"\n<figure class=\"wp-block-image size-large\"><img loading=\"lazy\" decoding=\"async\" width=\"451\" height=\"250\" src=\"http:\/\/armstrongyregion.com.ar\/diario\/wp-content\/uploads\/2020\/06\/covid-19-.png\" alt=\"\" class=\"wp-image-26235\" srcset=\"https:\/\/armstrongyregion.com.ar\/diario\/wp-content\/uploads\/2020\/06\/covid-19-.png 451w, https:\/\/armstrongyregion.com.ar\/diario\/wp-content\/uploads\/2020\/06\/covid-19--300x166.png 300w\" sizes=\"auto, (max-width: 451px) 100vw, 451px\" \/><\/figure>\n\n\n\n<h2 class=\"wp-block-heading\"> Informe actualizado al domingo 19 de julio a las 19hs. <\/h2>\n\n\n\n<p>\n\nEl Ministerio de Salud de Santa Fe, a trav\u00e9s de la Direcci\u00f3n Provincial de Epidemiolog\u00eda, informa a la poblaci\u00f3n que en el d\u00eda de la fecha&nbsp;<strong>se han confirmado 23 casos nuevos de COVID-19<\/strong>, en el territorio provincial.<\/p>\n\n\n\n<p>Los casos nuevos corresponden a las localidades de: 6 de Rosario, 5 de Zavalla, 5 de Santa Isabel, 3 de San Jos\u00e9 de la Esquina, 2 de Alvear, 1 de P\u00e9rez y 1 de Venado Tuerto.<\/p>\n\n\n\n<p>El total de casos desde el comienzo de la pandemia a la fecha es 691.<\/p>\n\n\n\n<p>De esos casos, 676 fueron atendidos y estudiados en la provincia, 15 fuera de la misma, pero de pacientes con residencia habitual en Santa Fe (6 en provincia de Buenos Aires, 3 de Salta, 2 en Mendoza, 2 estudiado en Chaco, 1 en CABA y 1 estudiado en C\u00f3rdoba).<\/p>\n\n\n\n<p>Hasta la fecha se registran un total de nueve(9) fallecidos para la provincia. Cinco(5) pacientes se encuentran internados en cuidados intensivos: 1 con asistencia respiratoria mec\u00e1nica y 4 sin asistencia respiratoria mec\u00e1nica. Veintis\u00e9is(26) pacientes se encuentran internados en sala general. Los dem\u00e1s casos confirmados presentan una evoluci\u00f3n favorable.<\/p>\n\n\n\n<p>De los casos atendidos y estudiados en la provincia,hay un total de 446 pacientes confirmados no activos (previamente pacientes con criterio de alta).<\/p>\n\n\n\n<p>En la provincia se registraron 17.437 notificaciones de las cuales 16.355 fueron descartadas y 391contin\u00faan en estudio.<\/p>\n","protected":false},"excerpt":{"rendered":"<p>Informe actualizado al domingo 19 de julio a las 19hs. El Ministerio de Salud de Santa Fe, a trav\u00e9s de la Direcci\u00f3n Provincial de Epidemiolog\u00eda, informa a la poblaci\u00f3n que en el d\u00eda de la fecha&nbsp;se han confirmado 23 casos nuevos de COVID-19, en el territorio provincial. Los casos nuevos corresponden a las localidades de: <a href=\"https:\/\/armstrongyregion.com.ar\/diario\/situacion-epidemiologica-de-la-provincia-de-santa-fe-en-relacion-al-coronavirus-5\/\" title=\"Read more\" >&#8230;<\/a><\/p>\n","protected":false},"author":1,"featured_media":26235,"comment_status":"open","ping_status":"open","sticky":false,"template":"","format":"image","meta":{"_jetpack_memberships_contains_paid_content":false,"footnotes":"","jetpack_publicize_message":"","jetpack_publicize_feature_enabled":true,"jetpack_social_post_already_shared":true,"jetpack_social_options":{"image_generator_settings":{"template":"highway","default_image_id":0,"enabled":false},"version":2}},"categories":[8,1,2,4],"tags":[],"class_list":["post-26439","post","type-post","status-publish","format-image","has-post-thumbnail","hentry","category-deliberando","category-diario-armstrong","category-locales","category-prevencion-salud","post_format-post-format-image"],"jetpack_publicize_connections":[],"jetpack_featured_media_url":"https:\/\/armstrongyregion.com.ar\/diario\/wp-content\/uploads\/2020\/06\/covid-19-.png","jetpack_shortlink":"https:\/\/wp.me\/p62QDO-6Sr","jetpack_sharing_enabled":true,"amp_enabled":true,"_links":{"self":[{"href":"https:\/\/armstrongyregion.com.ar\/diario\/wp-json\/wp\/v2\/posts\/26439","targetHints":{"allow":["GET"]}}],"collection":[{"href":"https:\/\/armstrongyregion.com.ar\/diario\/wp-json\/wp\/v2\/posts"}],"about":[{"href":"https:\/\/armstrongyregion.com.ar\/diario\/wp-json\/wp\/v2\/types\/post"}],"author":[{"embeddable":true,"href":"https:\/\/armstrongyregion.com.ar\/diario\/wp-json\/wp\/v2\/users\/1"}],"replies":[{"embeddable":true,"href":"https:\/\/armstrongyregion.com.ar\/diario\/wp-json\/wp\/v2\/comments?post=26439"}],"version-history":[{"count":1,"href":"https:\/\/armstrongyregion.com.ar\/diario\/wp-json\/wp\/v2\/posts\/26439\/revisions"}],"predecessor-version":[{"id":26440,"href":"https:\/\/armstrongyregion.com.ar\/diario\/wp-json\/wp\/v2\/posts\/26439\/revisions\/26440"}],"wp:featuredmedia":[{"embeddable":true,"href":"https:\/\/armstrongyregion.com.ar\/diario\/wp-json\/wp\/v2\/media\/26235"}],"wp:attachment":[{"href":"https:\/\/armstrongyregion.com.ar\/diario\/wp-json\/wp\/v2\/media?parent=26439"}],"wp:term":[{"taxonomy":"category","embeddable":true,"href":"https:\/\/armstrongyregion.com.ar\/diario\/wp-json\/wp\/v2\/categories?post=26439"},{"taxonomy":"post_tag","embeddable":true,"href":"https:\/\/armstrongyregion.com.ar\/diario\/wp-json\/wp\/v2\/tags?post=26439"}],"curies":[{"name":"wp","href":"https:\/\/api.w.org\/{rel}","templated":true}]}}