{"id":26430,"date":"2020-07-18T21:49:11","date_gmt":"2020-07-18T21:49:11","guid":{"rendered":"https:\/\/armstrongyregion.com.ar\/diario\/?p=26430"},"modified":"2020-07-18T21:49:14","modified_gmt":"2020-07-18T21:49:14","slug":"cornaglia-busca-alivianar-la-presion-economica-de-los-transportes-de-pasajeros","status":"publish","type":"post","link":"https:\/\/armstrongyregion.com.ar\/diario\/cornaglia-busca-alivianar-la-presion-economica-de-los-transportes-de-pasajeros\/","title":{"rendered":"Cornaglia busca alivianar la presi\u00f3n econ\u00f3mica de los transportes de pasajeros."},"content":{"rendered":"\n<figure class=\"wp-block-image size-large\"><img loading=\"lazy\" decoding=\"async\" width=\"480\" height=\"252\" src=\"http:\/\/armstrongyregion.com.ar\/diario\/wp-content\/uploads\/2020\/07\/GC-2020-07-17-Fb-Transportes-de-Pasajeros.jpg\" alt=\"\" class=\"wp-image-26431\" srcset=\"https:\/\/armstrongyregion.com.ar\/diario\/wp-content\/uploads\/2020\/07\/GC-2020-07-17-Fb-Transportes-de-Pasajeros.jpg 480w, https:\/\/armstrongyregion.com.ar\/diario\/wp-content\/uploads\/2020\/07\/GC-2020-07-17-Fb-Transportes-de-Pasajeros-300x158.jpg 300w\" sizes=\"auto, (max-width: 480px) 100vw, 480px\" \/><\/figure>\n\n\n\n<h2 class=\"wp-block-heading\"><strong>El legislador por Belgrano solicita que se prorrogue la vigencia de la Verificaci\u00f3n T\u00e9cnica Obligatoria para transportes de pasajeros y de la licencia de conducir categor\u00eda D2 en veh\u00edculos de m\u00e1s de ocho plazas.<\/strong><\/h2>\n\n\n\n<p>El senador provincial Guillermo Cornaglia present\u00f3 un proyecto de Comunicaci\u00f3n en la C\u00e1mara de Senadores de Santa Fe donde solicita al Poder Ejecutivo provincial que prorrogue la vigencia de la Verificaci\u00f3n T\u00e9cnica Obligatoria para transportes de pasajeros a nivel provincial y de la licencia de conducir categor\u00eda D2 en veh\u00edculos de m\u00e1s de ocho plazas, cuando el vencimiento opere durante la emergencia epidemiol\u00f3gica.<\/p>\n\n\n\n<p>Las y los transportistas habitualmente realizan una doble Verificaci\u00f3n T\u00e9cnica Obligatoria y poseen dos licencias de conducir categor\u00eda D2, una correspondiente a normas nacionales y otra a provinciales. \u201cEl proyecto de Comunicaci\u00f3n tiene por finalidad alivianar la presi\u00f3n econ\u00f3mica de las personas que poseen transportes de pasajeros en el territorio de la provincia de Santa Fe\u201d, fundament\u00f3 Cornaglia durante la sesi\u00f3n legislativa.<\/p>\n\n\n\n<p>\u201cLas y los transportistas de pasajeros han visto limitada su actividad y fuente de trabajo, siendo muy afectados. A ra\u00edz de la pandemia, desde el primer d\u00eda debieron suspender las actividades laborales, generando ello la falta de recursos para continuar con el normal mantenimiento de sus empresas y haci\u00e9ndose dif\u00edcil el cumplimiento de sus compromisos para poder circular acorde a la reglamentaci\u00f3n vigente\u201d, finaliz\u00f3 el senador por el departamento Belgrano.<\/p>\n\n\n\n<p><strong>Desde su auto.<\/strong><\/p>\n\n\n\n<p>La sesi\u00f3n de la C\u00e1mara de Senadores correspondiente al jueves 16 de julio de 2020 se realiz\u00f3 mediante videoconferencia. El senador provincial Guillermo Cornaglia accedi\u00f3 a la misma con su celular y desde su auto particular, debido a la agenda en com\u00fan con el gobernador Omar Perotti en la ciudad de Las Parejas.<\/p>\n\n\n\n<p>La normativa en favor de los transportes de pasajeros presentada por Cornaglia fue aprobada por sus pares para ser aplicada mientras se encuentre vigente el Decreto Provincial 270\/20 de adhesi\u00f3n al Aislamiento Social, Preventivo y Obligatorio.<\/p>\n","protected":false},"excerpt":{"rendered":"<p>El legislador por Belgrano solicita que se prorrogue la vigencia de la Verificaci\u00f3n T\u00e9cnica Obligatoria para transportes de pasajeros y de la licencia de conducir categor\u00eda D2 en veh\u00edculos de m\u00e1s de ocho plazas. El senador provincial Guillermo Cornaglia present\u00f3 un proyecto de Comunicaci\u00f3n en la C\u00e1mara de Senadores de Santa Fe donde solicita al <a href=\"https:\/\/armstrongyregion.com.ar\/diario\/cornaglia-busca-alivianar-la-presion-economica-de-los-transportes-de-pasajeros\/\" title=\"Read more\" >&#8230;<\/a><\/p>\n","protected":false},"author":1,"featured_media":26431,"comment_status":"open","ping_status":"open","sticky":false,"template":"","format":"image","meta":{"_jetpack_memberships_contains_paid_content":false,"footnotes":"","jetpack_publicize_message":"","jetpack_publicize_feature_enabled":true,"jetpack_social_post_already_shared":true,"jetpack_social_options":{"image_generator_settings":{"template":"highway","default_image_id":0,"enabled":false},"version":2}},"categories":[8,1,2,7,3],"tags":[],"class_list":["post-26430","post","type-post","status-publish","format-image","has-post-thumbnail","hentry","category-deliberando","category-diario-armstrong","category-locales","category-politica","category-region","post_format-post-format-image"],"jetpack_publicize_connections":[],"jetpack_featured_media_url":"https:\/\/armstrongyregion.com.ar\/diario\/wp-content\/uploads\/2020\/07\/GC-2020-07-17-Fb-Transportes-de-Pasajeros.jpg","jetpack_shortlink":"https:\/\/wp.me\/p62QDO-6Si","jetpack_sharing_enabled":true,"amp_enabled":true,"_links":{"self":[{"href":"https:\/\/armstrongyregion.com.ar\/diario\/wp-json\/wp\/v2\/posts\/26430","targetHints":{"allow":["GET"]}}],"collection":[{"href":"https:\/\/armstrongyregion.com.ar\/diario\/wp-json\/wp\/v2\/posts"}],"about":[{"href":"https:\/\/armstrongyregion.com.ar\/diario\/wp-json\/wp\/v2\/types\/post"}],"author":[{"embeddable":true,"href":"https:\/\/armstrongyregion.com.ar\/diario\/wp-json\/wp\/v2\/users\/1"}],"replies":[{"embeddable":true,"href":"https:\/\/armstrongyregion.com.ar\/diario\/wp-json\/wp\/v2\/comments?post=26430"}],"version-history":[{"count":1,"href":"https:\/\/armstrongyregion.com.ar\/diario\/wp-json\/wp\/v2\/posts\/26430\/revisions"}],"predecessor-version":[{"id":26432,"href":"https:\/\/armstrongyregion.com.ar\/diario\/wp-json\/wp\/v2\/posts\/26430\/revisions\/26432"}],"wp:featuredmedia":[{"embeddable":true,"href":"https:\/\/armstrongyregion.com.ar\/diario\/wp-json\/wp\/v2\/media\/26431"}],"wp:attachment":[{"href":"https:\/\/armstrongyregion.com.ar\/diario\/wp-json\/wp\/v2\/media?parent=26430"}],"wp:term":[{"taxonomy":"category","embeddable":true,"href":"https:\/\/armstrongyregion.com.ar\/diario\/wp-json\/wp\/v2\/categories?post=26430"},{"taxonomy":"post_tag","embeddable":true,"href":"https:\/\/armstrongyregion.com.ar\/diario\/wp-json\/wp\/v2\/tags?post=26430"}],"curies":[{"name":"wp","href":"https:\/\/api.w.org\/{rel}","templated":true}]}}