{"id":26426,"date":"2020-07-18T21:44:27","date_gmt":"2020-07-18T21:44:27","guid":{"rendered":"https:\/\/armstrongyregion.com.ar\/diario\/?p=26426"},"modified":"2020-07-18T21:44:32","modified_gmt":"2020-07-18T21:44:32","slug":"ley-de-gondolas-piden-urgente-puesta-en-marcha-a-cuatro-meses-de-su-promulgacion","status":"publish","type":"post","link":"https:\/\/armstrongyregion.com.ar\/diario\/ley-de-gondolas-piden-urgente-puesta-en-marcha-a-cuatro-meses-de-su-promulgacion\/","title":{"rendered":"*Ley de G\u00f3ndolas: piden urgente puesta en marcha a cuatro meses de su promulgaci\u00f3n*"},"content":{"rendered":"\n<figure class=\"wp-block-image size-large\"><img loading=\"lazy\" decoding=\"async\" width=\"401\" height=\"237\" src=\"http:\/\/armstrongyregion.com.ar\/diario\/wp-content\/uploads\/2020\/07\/IMG-20200718-WA0044.jpg\" alt=\"\" class=\"wp-image-26427\" srcset=\"https:\/\/armstrongyregion.com.ar\/diario\/wp-content\/uploads\/2020\/07\/IMG-20200718-WA0044.jpg 401w, https:\/\/armstrongyregion.com.ar\/diario\/wp-content\/uploads\/2020\/07\/IMG-20200718-WA0044-300x177.jpg 300w\" sizes=\"auto, (max-width: 401px) 100vw, 401px\" \/><\/figure>\n\n\n\n<p>\n\nEl diputado provincial, Joaqu\u00edn Blanco, se\u00f1al\u00f3 que el viernes se cumpli\u00f3 el plazo de 120 d\u00edas, previstos en la Ley de G\u00f3ndolas para su efectiva implementaci\u00f3n, pero a\u00fan el Ejecutivo Nacional no la reglament\u00f3 y hace imposible su aplicaci\u00f3n. \u201cEs imprescindible que el gobierno no dilate m\u00e1s esta herramienta que ayudar\u00e1 a combatir la inflaci\u00f3n\u201d, sostuvo el legislador.<br>La ley fue impulsada por el presidente Alberto Fern\u00e1ndez como \u201cun mecanismo que tiende a evitar abusos de precios en el rubro alimentos\u201d. A fines de febrero de este a\u00f1o fue aprobada en el Congreso de la Naci\u00f3n con el apoyo de legisladores de distintos partidos pol\u00edticos y publicada en el Bolet\u00edn Oficial el 17 de marzo. A partir de all\u00ed, el Ejecutivo deb\u00eda, en un plazo de 90 d\u00edas, establecer la Autoridad de Aplicaci\u00f3n y confeccionar el listado de productos alcanzados, que inclu\u00eda categor\u00edas de alimentos, bebidas, productos de higiene personal y art\u00edculos de limpieza.<br>\u201cEstamos en un momento de una fenomenal crisis econ\u00f3mica, con aumento del desempleo y la pobreza, pymes y comercios que quiebran y&nbsp; trabajadores que redujeron notablemente sus ingresos. El acceso a los alimentos en un problema ineludible en la Argentina\u00bb, dijo el diputado. \u201cEl Presidente viene apoyando esta ley desde su campa\u00f1a pero, desde su aprobaci\u00f3n, inexplicablemente no se avanz\u00f3 m\u00e1s\u201d, se\u00f1al\u00f3<br>\u201cExiste una evidente tensi\u00f3n inflacionaria, contenida parcialmente por medidas coyunturales como el programa Precios M\u00e1ximos (que se prorrog\u00f3 por Decreto hasta el 30 de agosto)\u00bb, analiz\u00f3 Blanco. \u201c\u00bfQue va a pasar cuando las grandes empresas alimenticias y los grandes supermercados presionen por fuertes aumentos?&nbsp; Necesitamos que el Ministerio de Desarrollo Productivo nacional se decida a avanzar en la implementaci\u00f3n de la Ley de G\u00f3ndolas que busca, a trav\u00e9s de la competencia y diversidad de marcas, transparentar y mejorar los precios de la canasta b\u00e1sica y al mismo tiempo fomentar el desarrollo de las pymes regionales\u201d, a\u00f1adi\u00f3.&nbsp;<br>\u00abEl Gobierno Nacional tiene que actuar en la emergencia pero tambi\u00e9n impulsar medidas de fondo, la l\u00f3gica de solucionar problemas con parches no funciona ante la alza generalizada de precios\u00bb afirm\u00f3 el presidente del Bloque Socialista.<br>LEY DE G\u00d3NDOLAS EN SANTA FE<br>Blanco es el autor de la ley provincial de g\u00f3ndolas, que tiene media sanci\u00f3n en C\u00e1mara de Diputados y espera ser aprobada en Senadores.&nbsp;<br>El proyecto tiene similitudes al presentado a nivel nacional, estableciendo porcentajes de exposici\u00f3n para cada marca y dando lugar a los productores locales, y establece como autoridad de aplicaci\u00f3n a la Secretar\u00eda de Comercio Interior del Ministerio de Producci\u00f3n.\n\n<\/p>\n","protected":false},"excerpt":{"rendered":"<p>El diputado provincial, Joaqu\u00edn Blanco, se\u00f1al\u00f3 que el viernes se cumpli\u00f3 el plazo de 120 d\u00edas, previstos en la Ley de G\u00f3ndolas para su efectiva implementaci\u00f3n, pero a\u00fan el Ejecutivo Nacional no la reglament\u00f3 y hace imposible su aplicaci\u00f3n. \u201cEs imprescindible que el gobierno no dilate m\u00e1s esta herramienta que ayudar\u00e1 a combatir la inflaci\u00f3n\u201d, <a href=\"https:\/\/armstrongyregion.com.ar\/diario\/ley-de-gondolas-piden-urgente-puesta-en-marcha-a-cuatro-meses-de-su-promulgacion\/\" title=\"Read more\" >&#8230;<\/a><\/p>\n","protected":false},"author":1,"featured_media":26427,"comment_status":"open","ping_status":"open","sticky":false,"template":"","format":"image","meta":{"_jetpack_memberships_contains_paid_content":false,"footnotes":"","jetpack_publicize_message":"","jetpack_publicize_feature_enabled":true,"jetpack_social_post_already_shared":true,"jetpack_social_options":{"image_generator_settings":{"template":"highway","default_image_id":0,"enabled":false},"version":2}},"categories":[8,1,2,7,3],"tags":[],"class_list":["post-26426","post","type-post","status-publish","format-image","has-post-thumbnail","hentry","category-deliberando","category-diario-armstrong","category-locales","category-politica","category-region","post_format-post-format-image"],"jetpack_publicize_connections":[],"jetpack_featured_media_url":"https:\/\/armstrongyregion.com.ar\/diario\/wp-content\/uploads\/2020\/07\/IMG-20200718-WA0044.jpg","jetpack_shortlink":"https:\/\/wp.me\/p62QDO-6Se","jetpack_sharing_enabled":true,"amp_enabled":true,"_links":{"self":[{"href":"https:\/\/armstrongyregion.com.ar\/diario\/wp-json\/wp\/v2\/posts\/26426","targetHints":{"allow":["GET"]}}],"collection":[{"href":"https:\/\/armstrongyregion.com.ar\/diario\/wp-json\/wp\/v2\/posts"}],"about":[{"href":"https:\/\/armstrongyregion.com.ar\/diario\/wp-json\/wp\/v2\/types\/post"}],"author":[{"embeddable":true,"href":"https:\/\/armstrongyregion.com.ar\/diario\/wp-json\/wp\/v2\/users\/1"}],"replies":[{"embeddable":true,"href":"https:\/\/armstrongyregion.com.ar\/diario\/wp-json\/wp\/v2\/comments?post=26426"}],"version-history":[{"count":1,"href":"https:\/\/armstrongyregion.com.ar\/diario\/wp-json\/wp\/v2\/posts\/26426\/revisions"}],"predecessor-version":[{"id":26428,"href":"https:\/\/armstrongyregion.com.ar\/diario\/wp-json\/wp\/v2\/posts\/26426\/revisions\/26428"}],"wp:featuredmedia":[{"embeddable":true,"href":"https:\/\/armstrongyregion.com.ar\/diario\/wp-json\/wp\/v2\/media\/26427"}],"wp:attachment":[{"href":"https:\/\/armstrongyregion.com.ar\/diario\/wp-json\/wp\/v2\/media?parent=26426"}],"wp:term":[{"taxonomy":"category","embeddable":true,"href":"https:\/\/armstrongyregion.com.ar\/diario\/wp-json\/wp\/v2\/categories?post=26426"},{"taxonomy":"post_tag","embeddable":true,"href":"https:\/\/armstrongyregion.com.ar\/diario\/wp-json\/wp\/v2\/tags?post=26426"}],"curies":[{"name":"wp","href":"https:\/\/api.w.org\/{rel}","templated":true}]}}