{"id":2639,"date":"2015-06-12T18:22:06","date_gmt":"2015-06-12T18:22:06","guid":{"rendered":"https:\/\/armstrongyregion.com.ar\/diario\/?p=2639"},"modified":"2015-06-12T18:22:06","modified_gmt":"2015-06-12T18:22:06","slug":"mas-de-61-mil-personas-en-el-segundo-dia-de-agroactiva","status":"publish","type":"post","link":"https:\/\/armstrongyregion.com.ar\/diario\/mas-de-61-mil-personas-en-el-segundo-dia-de-agroactiva\/","title":{"rendered":"M\u00e1s de 61 mil personas en el segundo d\u00eda de AgroActiva."},"content":{"rendered":"<p><a href=\"http:\/\/armstrongyregion.com.ar\/diario\/wp-content\/uploads\/2015\/06\/gente-jueves-2.jpg\"><img loading=\"lazy\" decoding=\"async\" class=\"alignnone size-medium wp-image-2640\" src=\"http:\/\/armstrongyregion.com.ar\/diario\/wp-content\/uploads\/2015\/06\/gente-jueves-2-300x200.jpg\" alt=\"gente-jueves-2\" width=\"300\" height=\"200\" srcset=\"https:\/\/armstrongyregion.com.ar\/diario\/wp-content\/uploads\/2015\/06\/gente-jueves-2-300x200.jpg 300w, https:\/\/armstrongyregion.com.ar\/diario\/wp-content\/uploads\/2015\/06\/gente-jueves-2.jpg 448w\" sizes=\"auto, (max-width: 300px) 100vw, 300px\" \/><\/a>El segundo d\u00eda de AgroActiva tuvo una concurrencia de p\u00fablico que super\u00f3 las 61 mil personas y gener\u00f3 gran entusiasmo en el sector agropecuario por el enorme potencial \u201cescondido\u201d y \u00e1vido de incorporar tecnolog\u00eda.<br \/>\nUna amplia mayor\u00eda de los visitantes fueron productores, contratistas, ganaderos e ingenieros (p\u00fablico espec\u00edfico del campo) que recorrieron los stands de los expositores de maquinaria agr\u00edcola, insumos, automotrices y otros rubros.<br \/>\nLos empresarios se mostraron satisfechos por los contactos, y algunos negocios, que se concretaron a lo largo del d\u00eda. Fue constante la presencia de los productores en los stands, mirando los \u201cfierros\u201d, preguntando, comparando los equipos en las din\u00e1micas y llev\u00e1ndose una perspectiva de que, cuando est\u00e9n dadas las condiciones, el campo volver\u00e1 a ser el motor del desarrollo nacional.<br \/>\nOtro de los platos fuertes de la jornada fueron las disertaciones del sal\u00f3n auditorio. All\u00ed se desarrollaron talleres sobre malezas resistentes (auspiciados por Speed Agro y Summit Agro) que convocaron a m\u00e1s de 100 personas. Tambi\u00e9n hubo \u00e1mbitos de capacitaci\u00f3n en el sector ganadero (con el sponsoreo del IPCVA) que trataron tem\u00e1ticas de inter\u00e9s para los criadores.<br \/>\nMa\u00f1ana se espera una concurrencia a\u00fan mayor y habr\u00e1 importantes visitas que de dirigentes pol\u00edticos y del sector agropecuario que seguramente dar\u00e1n lugar a declaraciones y propuestas relevantes en una \u00e9poca electoral como la actual.<\/p>\n","protected":false},"excerpt":{"rendered":"<p>El segundo d\u00eda de AgroActiva tuvo una concurrencia de p\u00fablico que super\u00f3 las 61 mil personas y gener\u00f3 gran entusiasmo en el sector agropecuario por el enorme potencial \u201cescondido\u201d y \u00e1vido de incorporar tecnolog\u00eda. Una amplia mayor\u00eda de los visitantes fueron productores, contratistas, ganaderos e ingenieros (p\u00fablico espec\u00edfico del campo) que recorrieron los stands de <a href=\"https:\/\/armstrongyregion.com.ar\/diario\/mas-de-61-mil-personas-en-el-segundo-dia-de-agroactiva\/\" title=\"Read more\" >&#8230;<\/a><\/p>\n","protected":false},"author":2,"featured_media":2640,"comment_status":"open","ping_status":"open","sticky":false,"template":"","format":"standard","meta":{"_jetpack_memberships_contains_paid_content":false,"footnotes":"","jetpack_publicize_message":"","jetpack_publicize_feature_enabled":true,"jetpack_social_post_already_shared":false,"jetpack_social_options":{"image_generator_settings":{"template":"highway","default_image_id":0,"enabled":false},"version":2}},"categories":[1,3],"tags":[1977,492,19,793,16,15,40,114,696,1825],"class_list":["post-2639","post","type-post","status-publish","format-standard","has-post-thumbnail","hentry","category-diario-armstrong","category-region","tag-1977","tag-agroactiva","tag-de","tag-dia","tag-el","tag-en","tag-mas","tag-mil","tag-personas","tag-segundo"],"jetpack_publicize_connections":[],"jetpack_featured_media_url":"https:\/\/armstrongyregion.com.ar\/diario\/wp-content\/uploads\/2015\/06\/gente-jueves-2.jpg","jetpack_shortlink":"https:\/\/wp.me\/p62QDO-Gz","jetpack_sharing_enabled":true,"amp_enabled":true,"_links":{"self":[{"href":"https:\/\/armstrongyregion.com.ar\/diario\/wp-json\/wp\/v2\/posts\/2639","targetHints":{"allow":["GET"]}}],"collection":[{"href":"https:\/\/armstrongyregion.com.ar\/diario\/wp-json\/wp\/v2\/posts"}],"about":[{"href":"https:\/\/armstrongyregion.com.ar\/diario\/wp-json\/wp\/v2\/types\/post"}],"author":[{"embeddable":true,"href":"https:\/\/armstrongyregion.com.ar\/diario\/wp-json\/wp\/v2\/users\/2"}],"replies":[{"embeddable":true,"href":"https:\/\/armstrongyregion.com.ar\/diario\/wp-json\/wp\/v2\/comments?post=2639"}],"version-history":[{"count":0,"href":"https:\/\/armstrongyregion.com.ar\/diario\/wp-json\/wp\/v2\/posts\/2639\/revisions"}],"wp:featuredmedia":[{"embeddable":true,"href":"https:\/\/armstrongyregion.com.ar\/diario\/wp-json\/wp\/v2\/media\/2640"}],"wp:attachment":[{"href":"https:\/\/armstrongyregion.com.ar\/diario\/wp-json\/wp\/v2\/media?parent=2639"}],"wp:term":[{"taxonomy":"category","embeddable":true,"href":"https:\/\/armstrongyregion.com.ar\/diario\/wp-json\/wp\/v2\/categories?post=2639"},{"taxonomy":"post_tag","embeddable":true,"href":"https:\/\/armstrongyregion.com.ar\/diario\/wp-json\/wp\/v2\/tags?post=2639"}],"curies":[{"name":"wp","href":"https:\/\/api.w.org\/{rel}","templated":true}]}}