{"id":26302,"date":"2020-07-08T14:34:46","date_gmt":"2020-07-08T14:34:46","guid":{"rendered":"https:\/\/armstrongyregion.com.ar\/diario\/?p=26302"},"modified":"2020-07-08T14:34:49","modified_gmt":"2020-07-08T14:34:49","slug":"este-miercoles-8-finaliza-el-primer-cuatrimestre-de-clases","status":"publish","type":"post","link":"https:\/\/armstrongyregion.com.ar\/diario\/este-miercoles-8-finaliza-el-primer-cuatrimestre-de-clases\/","title":{"rendered":"Este mi\u00e9rcoles 8 finaliza el primer cuatrimestre de clases"},"content":{"rendered":"\n<figure class=\"wp-block-image size-large\"><img loading=\"lazy\" decoding=\"async\" width=\"450\" height=\"240\" src=\"http:\/\/armstrongyregion.com.ar\/diario\/wp-content\/uploads\/2020\/07\/multimedia.normal.a528c5b7fce23181.44697365c3b16f2073696e2074c3ad74756c6f5f6e6f726d616c2e6a7067.jpg\" alt=\"\" class=\"wp-image-26303\" srcset=\"https:\/\/armstrongyregion.com.ar\/diario\/wp-content\/uploads\/2020\/07\/multimedia.normal.a528c5b7fce23181.44697365c3b16f2073696e2074c3ad74756c6f5f6e6f726d616c2e6a7067.jpg 450w, https:\/\/armstrongyregion.com.ar\/diario\/wp-content\/uploads\/2020\/07\/multimedia.normal.a528c5b7fce23181.44697365c3b16f2073696e2074c3ad74756c6f5f6e6f726d616c2e6a7067-300x160.jpg 300w\" sizes=\"auto, (max-width: 450px) 100vw, 450px\" \/><\/figure>\n\n\n\n<h2 class=\"wp-block-heading\"> Hay nuevo \u00abapag\u00f3n educativo\u00bb martes y mi\u00e9coles, que al sumarse al 9 de Julio y feriado puente el d\u00eda siguiente, determinan \u00abde hecho\u00bb el inicio del receso escolar. <\/h2>\n\n\n\n<p>La medida de fuerza se da en el marco de la discusi\u00f3n iniciada sobre c\u00f3mo ser\u00e1 la modalidad a implementarse en la segunda parte del a\u00f1o escolar a causa de la pandemia. Y en un contexto de marcadas diferencias entre gremios docentes y gobierno provincial.<\/p>\n\n\n\n<p>Luego del \u201capag\u00f3n educativo\u201d llevado adelante la semana pasada, dispusieron un cese de actividades para este martes 7 y el mi\u00e9rcoles 8 de Julio, que se plegar\u00e1 con los feriados nacionales, adelantando la fecha de cierre.&nbsp;<strong>Esta vez, el motivo fue el malestar generalizado que despert\u00f3 el cronograma de pagos de los sueldos del mes de junio.<\/strong><\/p>\n","protected":false},"excerpt":{"rendered":"<p>Hay nuevo \u00abapag\u00f3n educativo\u00bb martes y mi\u00e9coles, que al sumarse al 9 de Julio y feriado puente el d\u00eda siguiente, determinan \u00abde hecho\u00bb el inicio del receso escolar. La medida de fuerza se da en el marco de la discusi\u00f3n iniciada sobre c\u00f3mo ser\u00e1 la modalidad a implementarse en la segunda parte del a\u00f1o escolar <a href=\"https:\/\/armstrongyregion.com.ar\/diario\/este-miercoles-8-finaliza-el-primer-cuatrimestre-de-clases\/\" title=\"Read more\" >&#8230;<\/a><\/p>\n","protected":false},"author":1,"featured_media":26303,"comment_status":"open","ping_status":"open","sticky":false,"template":"","format":"image","meta":{"_jetpack_memberships_contains_paid_content":false,"footnotes":"","jetpack_publicize_message":"","jetpack_publicize_feature_enabled":true,"jetpack_social_post_already_shared":true,"jetpack_social_options":{"image_generator_settings":{"template":"highway","default_image_id":0,"enabled":false},"version":2}},"categories":[6,8,1,2,7,3],"tags":[],"class_list":["post-26302","post","type-post","status-publish","format-image","has-post-thumbnail","hentry","category-cultura-entretenimiento","category-deliberando","category-diario-armstrong","category-locales","category-politica","category-region","post_format-post-format-image"],"jetpack_publicize_connections":[],"jetpack_featured_media_url":"https:\/\/armstrongyregion.com.ar\/diario\/wp-content\/uploads\/2020\/07\/multimedia.normal.a528c5b7fce23181.44697365c3b16f2073696e2074c3ad74756c6f5f6e6f726d616c2e6a7067.jpg","jetpack_shortlink":"https:\/\/wp.me\/p62QDO-6Qe","jetpack_sharing_enabled":true,"amp_enabled":true,"_links":{"self":[{"href":"https:\/\/armstrongyregion.com.ar\/diario\/wp-json\/wp\/v2\/posts\/26302","targetHints":{"allow":["GET"]}}],"collection":[{"href":"https:\/\/armstrongyregion.com.ar\/diario\/wp-json\/wp\/v2\/posts"}],"about":[{"href":"https:\/\/armstrongyregion.com.ar\/diario\/wp-json\/wp\/v2\/types\/post"}],"author":[{"embeddable":true,"href":"https:\/\/armstrongyregion.com.ar\/diario\/wp-json\/wp\/v2\/users\/1"}],"replies":[{"embeddable":true,"href":"https:\/\/armstrongyregion.com.ar\/diario\/wp-json\/wp\/v2\/comments?post=26302"}],"version-history":[{"count":1,"href":"https:\/\/armstrongyregion.com.ar\/diario\/wp-json\/wp\/v2\/posts\/26302\/revisions"}],"predecessor-version":[{"id":26304,"href":"https:\/\/armstrongyregion.com.ar\/diario\/wp-json\/wp\/v2\/posts\/26302\/revisions\/26304"}],"wp:featuredmedia":[{"embeddable":true,"href":"https:\/\/armstrongyregion.com.ar\/diario\/wp-json\/wp\/v2\/media\/26303"}],"wp:attachment":[{"href":"https:\/\/armstrongyregion.com.ar\/diario\/wp-json\/wp\/v2\/media?parent=26302"}],"wp:term":[{"taxonomy":"category","embeddable":true,"href":"https:\/\/armstrongyregion.com.ar\/diario\/wp-json\/wp\/v2\/categories?post=26302"},{"taxonomy":"post_tag","embeddable":true,"href":"https:\/\/armstrongyregion.com.ar\/diario\/wp-json\/wp\/v2\/tags?post=26302"}],"curies":[{"name":"wp","href":"https:\/\/api.w.org\/{rel}","templated":true}]}}