{"id":26299,"date":"2020-07-07T14:40:40","date_gmt":"2020-07-07T14:40:40","guid":{"rendered":"https:\/\/armstrongyregion.com.ar\/diario\/?p=26299"},"modified":"2020-07-07T14:40:44","modified_gmt":"2020-07-07T14:40:44","slug":"deliberando-hoy-diputado-provincial-oscar-cachi-martinez","status":"publish","type":"post","link":"https:\/\/armstrongyregion.com.ar\/diario\/deliberando-hoy-diputado-provincial-oscar-cachi-martinez\/","title":{"rendered":"Deliberando: Hoy, diputado provincial Oscar \u201cCachi\u201d Mart\u00ednez."},"content":{"rendered":"\n<figure class=\"wp-block-image size-large\"><img loading=\"lazy\" decoding=\"async\" width=\"540\" height=\"295\" src=\"http:\/\/armstrongyregion.com.ar\/diario\/wp-content\/uploads\/2020\/07\/Cachi-Crispi.jpg\" alt=\"\" class=\"wp-image-26300\" srcset=\"https:\/\/armstrongyregion.com.ar\/diario\/wp-content\/uploads\/2020\/07\/Cachi-Crispi.jpg 540w, https:\/\/armstrongyregion.com.ar\/diario\/wp-content\/uploads\/2020\/07\/Cachi-Crispi-300x164.jpg 300w\" sizes=\"auto, (max-width: 540px) 100vw, 540px\" \/><\/figure>\n\n\n\n<p>\nEste\nmartes en <strong>DELIBERANO\n<\/strong>proyecto\nde mejoramiento de la Tarjeta \u00danica de Ciudadan\u00eda, el regreso a\nclases en la provincia y la situaci\u00f3n de Vicentin.<\/p>\n\n\n\n<p>Todos\nestos temas ser\u00e1n abordados por el diputado provincial Oscar \u201cCachi\u201d\nMart\u00ednez, quien detallar\u00e1 el contenido de su proyecto que fue\npresentado en la c\u00e1mara baja provincial a los efectos de actualizar\nmontos y alcances de la misma en consonancia con planteos\nsimilares del nivel nacional.<\/p>\n\n\n\n<p>El\nlegislador provincial adem\u00e1s particip\u00f3 de una reuni\u00f3n con la\nministra de educaci\u00f3n de Santa Fe y dar\u00e1 los detalles de lo tratado\ny la posibilidad y forma del regreso a clase.<\/p>\n\n\n\n<p>Finalmente\nsobre la situaci\u00f3n de Vicentin, remarc\u00f3 su posici\u00f3n y destac\u00f3 el\nproyecto de Sergio Massa, sobre los atentados que est\u00e1n sufriendo\nlos productores sobre sus producciones y las sanciones a aplicar.<\/p>\n\n\n\n<p>Todo este martes en <strong>DELIBERANDO<\/strong>, con la conducci\u00f3n de la licenciada Graciela de la Casa y Oscar Crispino.<\/p>\n\n\n\n<p>Martes 7 de Julio, 21hs. Por Cable Imagen Armstrong.<\/p>\n","protected":false},"excerpt":{"rendered":"<p>Este martes en DELIBERANO proyecto de mejoramiento de la Tarjeta \u00danica de Ciudadan\u00eda, el regreso a clases en la provincia y la situaci\u00f3n de Vicentin. Todos estos temas ser\u00e1n abordados por el diputado provincial Oscar \u201cCachi\u201d Mart\u00ednez, quien detallar\u00e1 el contenido de su proyecto que fue presentado en la c\u00e1mara baja provincial a los efectos <a href=\"https:\/\/armstrongyregion.com.ar\/diario\/deliberando-hoy-diputado-provincial-oscar-cachi-martinez\/\" title=\"Read more\" >&#8230;<\/a><\/p>\n","protected":false},"author":1,"featured_media":26300,"comment_status":"open","ping_status":"open","sticky":false,"template":"","format":"image","meta":{"_jetpack_memberships_contains_paid_content":false,"footnotes":"","jetpack_publicize_message":"","jetpack_publicize_feature_enabled":true,"jetpack_social_post_already_shared":true,"jetpack_social_options":{"image_generator_settings":{"template":"highway","default_image_id":0,"enabled":false},"version":2}},"categories":[8,1,2,7,3],"tags":[],"class_list":["post-26299","post","type-post","status-publish","format-image","has-post-thumbnail","hentry","category-deliberando","category-diario-armstrong","category-locales","category-politica","category-region","post_format-post-format-image"],"jetpack_publicize_connections":[],"jetpack_featured_media_url":"https:\/\/armstrongyregion.com.ar\/diario\/wp-content\/uploads\/2020\/07\/Cachi-Crispi.jpg","jetpack_shortlink":"https:\/\/wp.me\/p62QDO-6Qb","jetpack_sharing_enabled":true,"amp_enabled":true,"_links":{"self":[{"href":"https:\/\/armstrongyregion.com.ar\/diario\/wp-json\/wp\/v2\/posts\/26299","targetHints":{"allow":["GET"]}}],"collection":[{"href":"https:\/\/armstrongyregion.com.ar\/diario\/wp-json\/wp\/v2\/posts"}],"about":[{"href":"https:\/\/armstrongyregion.com.ar\/diario\/wp-json\/wp\/v2\/types\/post"}],"author":[{"embeddable":true,"href":"https:\/\/armstrongyregion.com.ar\/diario\/wp-json\/wp\/v2\/users\/1"}],"replies":[{"embeddable":true,"href":"https:\/\/armstrongyregion.com.ar\/diario\/wp-json\/wp\/v2\/comments?post=26299"}],"version-history":[{"count":1,"href":"https:\/\/armstrongyregion.com.ar\/diario\/wp-json\/wp\/v2\/posts\/26299\/revisions"}],"predecessor-version":[{"id":26301,"href":"https:\/\/armstrongyregion.com.ar\/diario\/wp-json\/wp\/v2\/posts\/26299\/revisions\/26301"}],"wp:featuredmedia":[{"embeddable":true,"href":"https:\/\/armstrongyregion.com.ar\/diario\/wp-json\/wp\/v2\/media\/26300"}],"wp:attachment":[{"href":"https:\/\/armstrongyregion.com.ar\/diario\/wp-json\/wp\/v2\/media?parent=26299"}],"wp:term":[{"taxonomy":"category","embeddable":true,"href":"https:\/\/armstrongyregion.com.ar\/diario\/wp-json\/wp\/v2\/categories?post=26299"},{"taxonomy":"post_tag","embeddable":true,"href":"https:\/\/armstrongyregion.com.ar\/diario\/wp-json\/wp\/v2\/tags?post=26299"}],"curies":[{"name":"wp","href":"https:\/\/api.w.org\/{rel}","templated":true}]}}