{"id":26296,"date":"2020-07-07T14:27:34","date_gmt":"2020-07-07T14:27:34","guid":{"rendered":"https:\/\/armstrongyregion.com.ar\/diario\/?p=26296"},"modified":"2020-07-07T14:27:38","modified_gmt":"2020-07-07T14:27:38","slug":"gestiones-de-clerici-para-obra-de-gas-natural-para-bustinza-y-parque-industrial","status":"publish","type":"post","link":"https:\/\/armstrongyregion.com.ar\/diario\/gestiones-de-clerici-para-obra-de-gas-natural-para-bustinza-y-parque-industrial\/","title":{"rendered":"Gestiones de Clerici para obra de gas natural para Bustinza y Parque Industrial."},"content":{"rendered":"\n<figure class=\"wp-block-image size-large\"><img loading=\"lazy\" decoding=\"async\" width=\"640\" height=\"360\" src=\"http:\/\/armstrongyregion.com.ar\/diario\/wp-content\/uploads\/2020\/07\/WhatsApp-Image-2020-07-07-at-08.43.22.jpg\" alt=\"\" class=\"wp-image-26297\" srcset=\"https:\/\/armstrongyregion.com.ar\/diario\/wp-content\/uploads\/2020\/07\/WhatsApp-Image-2020-07-07-at-08.43.22.jpg 640w, https:\/\/armstrongyregion.com.ar\/diario\/wp-content\/uploads\/2020\/07\/WhatsApp-Image-2020-07-07-at-08.43.22-300x169.jpg 300w\" sizes=\"auto, (max-width: 640px) 100vw, 640px\" \/><\/figure>\n\n\n\n<p>Cl\u00e9rici se reuni\u00f3 junto al presidente comunal de Bustinza Fabi\u00e1n con el presidente de Enerfe &#8211; Santa Fe Gas y Energ\u00edas Renovables para avanzar en el proyecto.<\/p>\n\n\n\n<p>La intendenta Stella Cl\u00e9rici junto al presidente comunal de Bustinza, Fabian Ballori, se reunieron en el Ministerio de Infraestructura, Servicios P\u00fablicos y H\u00e1bitat provincial para avanzar en las gestiones para llevar el gas al parque industrial 2 y Bustinza.<\/p>\n\n\n\n<p>En el encuentro con el presidente de Enerfe &#8211; Santa Fe Gas y Energ\u00edas Renovables se avanz\u00f3 en el impacto e importancia del proyecto para la regi\u00f3n. \u201cSeguimos trabajando junto a la comuna de Bustinza para que se pueda concretar esta obra muy necesaria para nuestro parque industrial y la vecina localidad\u201d, expres\u00f3 Cl\u00e9rici.&nbsp;<br>&#8212;\n\n<\/p>\n","protected":false},"excerpt":{"rendered":"<p>Cl\u00e9rici se reuni\u00f3 junto al presidente comunal de Bustinza Fabi\u00e1n con el presidente de Enerfe &#8211; Santa Fe Gas y Energ\u00edas Renovables para avanzar en el proyecto. La intendenta Stella Cl\u00e9rici junto al presidente comunal de Bustinza, Fabian Ballori, se reunieron en el Ministerio de Infraestructura, Servicios P\u00fablicos y H\u00e1bitat provincial para avanzar en las <a href=\"https:\/\/armstrongyregion.com.ar\/diario\/gestiones-de-clerici-para-obra-de-gas-natural-para-bustinza-y-parque-industrial\/\" title=\"Read more\" >&#8230;<\/a><\/p>\n","protected":false},"author":1,"featured_media":26297,"comment_status":"open","ping_status":"open","sticky":false,"template":"","format":"image","meta":{"_jetpack_memberships_contains_paid_content":false,"footnotes":"","jetpack_publicize_message":"","jetpack_publicize_feature_enabled":true,"jetpack_social_post_already_shared":true,"jetpack_social_options":{"image_generator_settings":{"template":"highway","default_image_id":0,"enabled":false},"version":2}},"categories":[8,1,7,3],"tags":[],"class_list":["post-26296","post","type-post","status-publish","format-image","has-post-thumbnail","hentry","category-deliberando","category-diario-armstrong","category-politica","category-region","post_format-post-format-image"],"jetpack_publicize_connections":[],"jetpack_featured_media_url":"https:\/\/armstrongyregion.com.ar\/diario\/wp-content\/uploads\/2020\/07\/WhatsApp-Image-2020-07-07-at-08.43.22.jpg","jetpack_shortlink":"https:\/\/wp.me\/p62QDO-6Q8","jetpack_sharing_enabled":true,"amp_enabled":true,"_links":{"self":[{"href":"https:\/\/armstrongyregion.com.ar\/diario\/wp-json\/wp\/v2\/posts\/26296","targetHints":{"allow":["GET"]}}],"collection":[{"href":"https:\/\/armstrongyregion.com.ar\/diario\/wp-json\/wp\/v2\/posts"}],"about":[{"href":"https:\/\/armstrongyregion.com.ar\/diario\/wp-json\/wp\/v2\/types\/post"}],"author":[{"embeddable":true,"href":"https:\/\/armstrongyregion.com.ar\/diario\/wp-json\/wp\/v2\/users\/1"}],"replies":[{"embeddable":true,"href":"https:\/\/armstrongyregion.com.ar\/diario\/wp-json\/wp\/v2\/comments?post=26296"}],"version-history":[{"count":1,"href":"https:\/\/armstrongyregion.com.ar\/diario\/wp-json\/wp\/v2\/posts\/26296\/revisions"}],"predecessor-version":[{"id":26298,"href":"https:\/\/armstrongyregion.com.ar\/diario\/wp-json\/wp\/v2\/posts\/26296\/revisions\/26298"}],"wp:featuredmedia":[{"embeddable":true,"href":"https:\/\/armstrongyregion.com.ar\/diario\/wp-json\/wp\/v2\/media\/26297"}],"wp:attachment":[{"href":"https:\/\/armstrongyregion.com.ar\/diario\/wp-json\/wp\/v2\/media?parent=26296"}],"wp:term":[{"taxonomy":"category","embeddable":true,"href":"https:\/\/armstrongyregion.com.ar\/diario\/wp-json\/wp\/v2\/categories?post=26296"},{"taxonomy":"post_tag","embeddable":true,"href":"https:\/\/armstrongyregion.com.ar\/diario\/wp-json\/wp\/v2\/tags?post=26296"}],"curies":[{"name":"wp","href":"https:\/\/api.w.org\/{rel}","templated":true}]}}