{"id":26243,"date":"2020-07-01T14:43:26","date_gmt":"2020-07-01T14:43:26","guid":{"rendered":"https:\/\/armstrongyregion.com.ar\/diario\/?p=26243"},"modified":"2020-07-01T14:43:29","modified_gmt":"2020-07-01T14:43:29","slug":"el-senador-cornaglia-recorrio-el-departamento-junto-al-director-del-sies","status":"publish","type":"post","link":"https:\/\/armstrongyregion.com.ar\/diario\/el-senador-cornaglia-recorrio-el-departamento-junto-al-director-del-sies\/","title":{"rendered":"El Senador Cornaglia recorri\u00f3 el departamento junto al Director del SIES."},"content":{"rendered":"\n<figure class=\"wp-block-image size-large\"><img loading=\"lazy\" decoding=\"async\" width=\"1280\" height=\"960\" src=\"https:\/\/i2.wp.com\/armstrongyregion.com.ar\/diario\/wp-content\/uploads\/2020\/07\/Cornaglia-Sies.jpg?fit=800%2C600&amp;ssl=1\" alt=\"\" class=\"wp-image-26244\" srcset=\"https:\/\/armstrongyregion.com.ar\/diario\/wp-content\/uploads\/2020\/07\/Cornaglia-Sies.jpg 1280w, https:\/\/armstrongyregion.com.ar\/diario\/wp-content\/uploads\/2020\/07\/Cornaglia-Sies-300x225.jpg 300w, https:\/\/armstrongyregion.com.ar\/diario\/wp-content\/uploads\/2020\/07\/Cornaglia-Sies-1024x768.jpg 1024w, https:\/\/armstrongyregion.com.ar\/diario\/wp-content\/uploads\/2020\/07\/Cornaglia-Sies-768x576.jpg 768w\" sizes=\"auto, (max-width: 1280px) 100vw, 1280px\" \/><\/figure>\n\n\n\n<p>\nEl\nSenador  Guillermo Cornaglia  recibi\u00f3 este  martes 30 de junio  al\nDirector del Sistema Integrado de Emergencias Sanitarias de la\nProvincia Dr. Eduardo Wagner  y juntos recorrieron todas las\nlocalidades del Departamento Belgrano.<\/p>\n\n\n\n<p>\nEn\nel SAMCo local lo recibi\u00f3 la Directora Ver\u00f3nica Barone y\nfuncionarios municipales. Donde Wagner tuvo contacto con la prensa y\ncont\u00f3 que el motivo de su visita era ver y supervisar el\nfuncionamiento de las ambulancias.<\/p>\n\n\n\n<p>\nEl\nDirector de SIES dijo que estaba visitando todas las localidades del\ndepartamento belgrano y le agradeci\u00f3 la compa\u00f1\u00eda al Senador\nGuillermo Cornaglia. Expreso que tambi\u00e9n estaba acompa\u00f1ado por un\ningeniero mec\u00e1nico quien realizaba el peritaje de las ambulancias\nque es el \u00e1rea que le toca conducir y que el gobernador Omar Perotti\nle recomend\u00f3 poner mucho \u00e9nfasis. Por eso la necesidad de comprobar\nla realidad de las ambulancias en el territorio y fortalecer todo el\nparque automotor de la provincia.<\/p>\n","protected":false},"excerpt":{"rendered":"<p>El Senador Guillermo Cornaglia recibi\u00f3 este martes 30 de junio al Director del Sistema Integrado de Emergencias Sanitarias de la Provincia Dr. Eduardo Wagner y juntos recorrieron todas las localidades del Departamento Belgrano. En el SAMCo local lo recibi\u00f3 la Directora Ver\u00f3nica Barone y funcionarios municipales. Donde Wagner tuvo contacto con la prensa y cont\u00f3 <a href=\"https:\/\/armstrongyregion.com.ar\/diario\/el-senador-cornaglia-recorrio-el-departamento-junto-al-director-del-sies\/\" title=\"Read more\" >&#8230;<\/a><\/p>\n","protected":false},"author":1,"featured_media":26244,"comment_status":"open","ping_status":"open","sticky":false,"template":"","format":"image","meta":{"_jetpack_memberships_contains_paid_content":false,"footnotes":"","jetpack_publicize_message":"","jetpack_publicize_feature_enabled":true,"jetpack_social_post_already_shared":true,"jetpack_social_options":{"image_generator_settings":{"template":"highway","default_image_id":0,"enabled":false},"version":2}},"categories":[8,1,2,7,3],"tags":[],"class_list":["post-26243","post","type-post","status-publish","format-image","has-post-thumbnail","hentry","category-deliberando","category-diario-armstrong","category-locales","category-politica","category-region","post_format-post-format-image"],"jetpack_publicize_connections":[],"jetpack_featured_media_url":"https:\/\/armstrongyregion.com.ar\/diario\/wp-content\/uploads\/2020\/07\/Cornaglia-Sies.jpg","jetpack_shortlink":"https:\/\/wp.me\/p62QDO-6Ph","jetpack_sharing_enabled":true,"amp_enabled":true,"_links":{"self":[{"href":"https:\/\/armstrongyregion.com.ar\/diario\/wp-json\/wp\/v2\/posts\/26243","targetHints":{"allow":["GET"]}}],"collection":[{"href":"https:\/\/armstrongyregion.com.ar\/diario\/wp-json\/wp\/v2\/posts"}],"about":[{"href":"https:\/\/armstrongyregion.com.ar\/diario\/wp-json\/wp\/v2\/types\/post"}],"author":[{"embeddable":true,"href":"https:\/\/armstrongyregion.com.ar\/diario\/wp-json\/wp\/v2\/users\/1"}],"replies":[{"embeddable":true,"href":"https:\/\/armstrongyregion.com.ar\/diario\/wp-json\/wp\/v2\/comments?post=26243"}],"version-history":[{"count":1,"href":"https:\/\/armstrongyregion.com.ar\/diario\/wp-json\/wp\/v2\/posts\/26243\/revisions"}],"predecessor-version":[{"id":26245,"href":"https:\/\/armstrongyregion.com.ar\/diario\/wp-json\/wp\/v2\/posts\/26243\/revisions\/26245"}],"wp:featuredmedia":[{"embeddable":true,"href":"https:\/\/armstrongyregion.com.ar\/diario\/wp-json\/wp\/v2\/media\/26244"}],"wp:attachment":[{"href":"https:\/\/armstrongyregion.com.ar\/diario\/wp-json\/wp\/v2\/media?parent=26243"}],"wp:term":[{"taxonomy":"category","embeddable":true,"href":"https:\/\/armstrongyregion.com.ar\/diario\/wp-json\/wp\/v2\/categories?post=26243"},{"taxonomy":"post_tag","embeddable":true,"href":"https:\/\/armstrongyregion.com.ar\/diario\/wp-json\/wp\/v2\/tags?post=26243"}],"curies":[{"name":"wp","href":"https:\/\/api.w.org\/{rel}","templated":true}]}}