{"id":26240,"date":"2020-06-30T15:10:27","date_gmt":"2020-06-30T15:10:27","guid":{"rendered":"https:\/\/armstrongyregion.com.ar\/diario\/?p=26240"},"modified":"2020-06-30T15:10:31","modified_gmt":"2020-06-30T15:10:31","slug":"la-provincia-restringe-las-reuniones-familiares-a-sabados-y-domingos","status":"publish","type":"post","link":"https:\/\/armstrongyregion.com.ar\/diario\/la-provincia-restringe-las-reuniones-familiares-a-sabados-y-domingos\/","title":{"rendered":"La provincia restringe las reuniones familiares a s\u00e1bados y domingos."},"content":{"rendered":"\n<figure class=\"wp-block-image size-large\"><img loading=\"lazy\" decoding=\"async\" width=\"960\" height=\"540\" src=\"http:\/\/armstrongyregion.com.ar\/diario\/wp-content\/uploads\/2020\/06\/unnamed-5.jpg\" alt=\"\" class=\"wp-image-26241\" srcset=\"https:\/\/armstrongyregion.com.ar\/diario\/wp-content\/uploads\/2020\/06\/unnamed-5.jpg 960w, https:\/\/armstrongyregion.com.ar\/diario\/wp-content\/uploads\/2020\/06\/unnamed-5-300x169.jpg 300w, https:\/\/armstrongyregion.com.ar\/diario\/wp-content\/uploads\/2020\/06\/unnamed-5-768x432.jpg 768w\" sizes=\"auto, (max-width: 960px) 100vw, 960px\" \/><\/figure>\n\n\n\n<h2 class=\"wp-block-heading\"> As\u00ed lo anunci\u00f3 la ministra de Salud, Sonia Martorano. La medida regir\u00e1 a partir del mi\u00e9rcoles 1 de julio. <\/h2>\n\n\n\n<figure class=\"wp-block-table\"><table class=\"\"><tbody><tr><td><br>&nbsp;La ministra de Salud, Sonia Martorano, anunci\u00f3 este lunes que a partir del 1 de julio la provincia restringe las reuniones familiares a s\u00e1bados y domingos.\u00bbHoy hubo una videoconferencia que tuvo el gobernador Omar Perotti junto con diferentes ministros e intendentes de la provincia para evaluar la situaci\u00f3n epidemiol\u00f3gica actual. Se ha visto la curva epidemiol\u00f3gica, las curvas de contagios, el comportamiento ciudadano y de los diferentes actores de la econom\u00eda y se ha tomado la decisi\u00f3n que a partir del 1 de julio los encuentros familiares y afectivos van a quedar restringidos a los s\u00e1bados y domingos\u00bb, explic\u00f3 Martorano.Es decir, se contin\u00faan con los encuentros familiares y afectivos pero dentro de los fines de semana. En ese sentido, la ministra de Salud solicit\u00f3 que \u00abse cumplan con las normativas, que no sean m\u00e1s de 10 personas, que se mantenga la distancia social, que cuidemos a las personas mayores y que se use el barbijo cuando estamos con personas de m\u00e1s de 65 a\u00f1os\u00bb.\u00bbSi continuamos con estos cuidados, con el lavado de manos, la distancia, el barbijo, el respetar el espacio p\u00fablico, vamos a poder seguir sosteniendo todas las actividades con las que hoy contamos. Esto es muy importante porque entramos en los meses \u00e1lgidos, que son julio y agosto. Santa Fe ha tenido un comportamiento ejemplar de parte de la ciudadan\u00eda, por eso pedimos en estos momentos que lejos de relajarse, aumente el compromiso social\u00bb, finaliz\u00f3 Martorano.<\/td><\/tr><\/tbody><\/table><\/figure>\n","protected":false},"excerpt":{"rendered":"<p>As\u00ed lo anunci\u00f3 la ministra de Salud, Sonia Martorano. La medida regir\u00e1 a partir del mi\u00e9rcoles 1 de julio. &nbsp;La ministra de Salud, Sonia Martorano, anunci\u00f3 este lunes que a partir del 1 de julio la provincia restringe las reuniones familiares a s\u00e1bados y domingos.\u00bbHoy hubo una videoconferencia que tuvo el gobernador Omar Perotti junto <a href=\"https:\/\/armstrongyregion.com.ar\/diario\/la-provincia-restringe-las-reuniones-familiares-a-sabados-y-domingos\/\" title=\"Read more\" >&#8230;<\/a><\/p>\n","protected":false},"author":1,"featured_media":26241,"comment_status":"open","ping_status":"open","sticky":false,"template":"","format":"image","meta":{"_jetpack_memberships_contains_paid_content":false,"footnotes":"","jetpack_publicize_message":"","jetpack_publicize_feature_enabled":true,"jetpack_social_post_already_shared":true,"jetpack_social_options":{"image_generator_settings":{"template":"highway","default_image_id":0,"enabled":false},"version":2}},"categories":[8,1,2,7,3],"tags":[],"class_list":["post-26240","post","type-post","status-publish","format-image","has-post-thumbnail","hentry","category-deliberando","category-diario-armstrong","category-locales","category-politica","category-region","post_format-post-format-image"],"jetpack_publicize_connections":[],"jetpack_featured_media_url":"https:\/\/armstrongyregion.com.ar\/diario\/wp-content\/uploads\/2020\/06\/unnamed-5.jpg","jetpack_shortlink":"https:\/\/wp.me\/p62QDO-6Pe","jetpack_sharing_enabled":true,"amp_enabled":true,"_links":{"self":[{"href":"https:\/\/armstrongyregion.com.ar\/diario\/wp-json\/wp\/v2\/posts\/26240","targetHints":{"allow":["GET"]}}],"collection":[{"href":"https:\/\/armstrongyregion.com.ar\/diario\/wp-json\/wp\/v2\/posts"}],"about":[{"href":"https:\/\/armstrongyregion.com.ar\/diario\/wp-json\/wp\/v2\/types\/post"}],"author":[{"embeddable":true,"href":"https:\/\/armstrongyregion.com.ar\/diario\/wp-json\/wp\/v2\/users\/1"}],"replies":[{"embeddable":true,"href":"https:\/\/armstrongyregion.com.ar\/diario\/wp-json\/wp\/v2\/comments?post=26240"}],"version-history":[{"count":1,"href":"https:\/\/armstrongyregion.com.ar\/diario\/wp-json\/wp\/v2\/posts\/26240\/revisions"}],"predecessor-version":[{"id":26242,"href":"https:\/\/armstrongyregion.com.ar\/diario\/wp-json\/wp\/v2\/posts\/26240\/revisions\/26242"}],"wp:featuredmedia":[{"embeddable":true,"href":"https:\/\/armstrongyregion.com.ar\/diario\/wp-json\/wp\/v2\/media\/26241"}],"wp:attachment":[{"href":"https:\/\/armstrongyregion.com.ar\/diario\/wp-json\/wp\/v2\/media?parent=26240"}],"wp:term":[{"taxonomy":"category","embeddable":true,"href":"https:\/\/armstrongyregion.com.ar\/diario\/wp-json\/wp\/v2\/categories?post=26240"},{"taxonomy":"post_tag","embeddable":true,"href":"https:\/\/armstrongyregion.com.ar\/diario\/wp-json\/wp\/v2\/tags?post=26240"}],"curies":[{"name":"wp","href":"https:\/\/api.w.org\/{rel}","templated":true}]}}