{"id":26234,"date":"2020-06-30T00:55:01","date_gmt":"2020-06-30T00:55:01","guid":{"rendered":"https:\/\/armstrongyregion.com.ar\/diario\/?p=26234"},"modified":"2020-06-30T00:55:03","modified_gmt":"2020-06-30T00:55:03","slug":"situacion-epidemiologica-de-la-provincia-de-santa-fe-en-relacion-al-coronavirus-3","status":"publish","type":"post","link":"https:\/\/armstrongyregion.com.ar\/diario\/situacion-epidemiologica-de-la-provincia-de-santa-fe-en-relacion-al-coronavirus-3\/","title":{"rendered":"Situaci\u00f3n epidemiol\u00f3gica de la provincia de Santa Fe en relaci\u00f3n al coronavirus."},"content":{"rendered":"\n<figure class=\"wp-block-image size-large\"><img loading=\"lazy\" decoding=\"async\" width=\"451\" height=\"250\" src=\"http:\/\/armstrongyregion.com.ar\/diario\/wp-content\/uploads\/2020\/06\/covid-19-.png\" alt=\"\" class=\"wp-image-26235\" srcset=\"https:\/\/armstrongyregion.com.ar\/diario\/wp-content\/uploads\/2020\/06\/covid-19-.png 451w, https:\/\/armstrongyregion.com.ar\/diario\/wp-content\/uploads\/2020\/06\/covid-19--300x166.png 300w\" sizes=\"auto, (max-width: 451px) 100vw, 451px\" \/><\/figure>\n\n\n\n<h2 class=\"wp-block-heading\"> Informe actualizado al lunes 29 de junio a las 19hs. <\/h2>\n\n\n\n<p>\n\nEl Ministerio de Salud de Santa Fe, a trav\u00e9s de la Direcci\u00f3n Provincial de Epidemiolog\u00eda, informa a la poblaci\u00f3n que en el d\u00eda de la fecha&nbsp;<strong>se han confirmado 2 casos nuevos de COVID-19<\/strong>, en el territorio provincial.<\/p>\n\n\n\n<p>Los casos nuevos corresponden: 1 a la localidad de Venado Tuerto y 1 a la localidad de Ceres.<\/p>\n\n\n\n<p>El total de casos desde el comienzo de la pandemia a la fecha es 419.<\/p>\n\n\n\n<p>De esos casos, 409 fueron atendidos y estudiados en la provincia, 10 fuera de la misma, pero de pacientes con residencia habitual en Santa Fe (4 en provincia de Buenos Aires, 2 en CABA, 2 en Mendoza, 1 estudiado en C\u00f3rdoba y 1 estudiado en Chaco).<\/p>\n\n\n\n<p>Hasta la fecha se registran un total de cuatro fallecidos para la provincia. Un paciente se encuentra internado en cuidados intensivos con asistencia respiratoria mec\u00e1nica. Veinti\u00fan pacientes se encuentran internados en sala general. Los dem\u00e1s casos confirmados presentan una evoluci\u00f3n favorable.<\/p>\n\n\n\n<p>De los casos atendidos y estudiados en la provincia un total de 256 pacientes confirmados no activos (previamente pacientes con criterio de alta).<\/p>\n\n\n\n<p>En la provincia se registraron 13.469 notificaciones de las cuales 12.771 fueron descartadas y 279 contin\u00faan en estudio.<\/p>\n","protected":false},"excerpt":{"rendered":"<p>Informe actualizado al lunes 29 de junio a las 19hs. El Ministerio de Salud de Santa Fe, a trav\u00e9s de la Direcci\u00f3n Provincial de Epidemiolog\u00eda, informa a la poblaci\u00f3n que en el d\u00eda de la fecha&nbsp;se han confirmado 2 casos nuevos de COVID-19, en el territorio provincial. Los casos nuevos corresponden: 1 a la localidad <a href=\"https:\/\/armstrongyregion.com.ar\/diario\/situacion-epidemiologica-de-la-provincia-de-santa-fe-en-relacion-al-coronavirus-3\/\" title=\"Read more\" >&#8230;<\/a><\/p>\n","protected":false},"author":1,"featured_media":26235,"comment_status":"open","ping_status":"open","sticky":false,"template":"","format":"image","meta":{"_jetpack_memberships_contains_paid_content":false,"footnotes":"","jetpack_publicize_message":"","jetpack_publicize_feature_enabled":true,"jetpack_social_post_already_shared":true,"jetpack_social_options":{"image_generator_settings":{"template":"highway","default_image_id":0,"enabled":false},"version":2}},"categories":[8,1,2,4,3],"tags":[],"class_list":["post-26234","post","type-post","status-publish","format-image","has-post-thumbnail","hentry","category-deliberando","category-diario-armstrong","category-locales","category-prevencion-salud","category-region","post_format-post-format-image"],"jetpack_publicize_connections":[],"jetpack_featured_media_url":"https:\/\/armstrongyregion.com.ar\/diario\/wp-content\/uploads\/2020\/06\/covid-19-.png","jetpack_shortlink":"https:\/\/wp.me\/p62QDO-6P8","jetpack_sharing_enabled":true,"amp_enabled":true,"_links":{"self":[{"href":"https:\/\/armstrongyregion.com.ar\/diario\/wp-json\/wp\/v2\/posts\/26234","targetHints":{"allow":["GET"]}}],"collection":[{"href":"https:\/\/armstrongyregion.com.ar\/diario\/wp-json\/wp\/v2\/posts"}],"about":[{"href":"https:\/\/armstrongyregion.com.ar\/diario\/wp-json\/wp\/v2\/types\/post"}],"author":[{"embeddable":true,"href":"https:\/\/armstrongyregion.com.ar\/diario\/wp-json\/wp\/v2\/users\/1"}],"replies":[{"embeddable":true,"href":"https:\/\/armstrongyregion.com.ar\/diario\/wp-json\/wp\/v2\/comments?post=26234"}],"version-history":[{"count":1,"href":"https:\/\/armstrongyregion.com.ar\/diario\/wp-json\/wp\/v2\/posts\/26234\/revisions"}],"predecessor-version":[{"id":26236,"href":"https:\/\/armstrongyregion.com.ar\/diario\/wp-json\/wp\/v2\/posts\/26234\/revisions\/26236"}],"wp:featuredmedia":[{"embeddable":true,"href":"https:\/\/armstrongyregion.com.ar\/diario\/wp-json\/wp\/v2\/media\/26235"}],"wp:attachment":[{"href":"https:\/\/armstrongyregion.com.ar\/diario\/wp-json\/wp\/v2\/media?parent=26234"}],"wp:term":[{"taxonomy":"category","embeddable":true,"href":"https:\/\/armstrongyregion.com.ar\/diario\/wp-json\/wp\/v2\/categories?post=26234"},{"taxonomy":"post_tag","embeddable":true,"href":"https:\/\/armstrongyregion.com.ar\/diario\/wp-json\/wp\/v2\/tags?post=26234"}],"curies":[{"name":"wp","href":"https:\/\/api.w.org\/{rel}","templated":true}]}}