{"id":26218,"date":"2020-06-28T23:14:55","date_gmt":"2020-06-28T23:14:55","guid":{"rendered":"https:\/\/armstrongyregion.com.ar\/diario\/?p=26218"},"modified":"2020-06-28T23:14:59","modified_gmt":"2020-06-28T23:14:59","slug":"coronavirus-mas-controles-en-los-accesos-a-santa-fe-por-el-aceleramiento-en-la-curva-de-contagios","status":"publish","type":"post","link":"https:\/\/armstrongyregion.com.ar\/diario\/coronavirus-mas-controles-en-los-accesos-a-santa-fe-por-el-aceleramiento-en-la-curva-de-contagios\/","title":{"rendered":"Coronavirus: m\u00e1s controles en los accesos a Santa Fe por el aceleramiento en la curva de contagios"},"content":{"rendered":"\n<figure class=\"wp-block-image size-large\"><img loading=\"lazy\" decoding=\"async\" width=\"1920\" height=\"1079\" src=\"https:\/\/i1.wp.com\/armstrongyregion.com.ar\/diario\/wp-content\/uploads\/2020\/06\/perotti-controles-26062020.jpg?fit=800%2C449&amp;ssl=1\" alt=\"\" class=\"wp-image-26219\" srcset=\"https:\/\/armstrongyregion.com.ar\/diario\/wp-content\/uploads\/2020\/06\/perotti-controles-26062020.jpg 1920w, https:\/\/armstrongyregion.com.ar\/diario\/wp-content\/uploads\/2020\/06\/perotti-controles-26062020-300x169.jpg 300w, https:\/\/armstrongyregion.com.ar\/diario\/wp-content\/uploads\/2020\/06\/perotti-controles-26062020-1024x575.jpg 1024w, https:\/\/armstrongyregion.com.ar\/diario\/wp-content\/uploads\/2020\/06\/perotti-controles-26062020-768x432.jpg 768w, https:\/\/armstrongyregion.com.ar\/diario\/wp-content\/uploads\/2020\/06\/perotti-controles-26062020-1536x863.jpg 1536w\" sizes=\"auto, (max-width: 1920px) 100vw, 1920px\" \/><\/figure>\n\n\n\n<h2 class=\"wp-block-heading\"> El gobernador Omar Perotti recorri\u00f3 los puntos de control y pidi\u00f3 \u00abtrasladarse lo menos posible\u00bb ante el crecimiento de casos positivos.\u00a0 <\/h2>\n\n\n\n<p> El gobernador Omar\u00a0<strong>Perotti pidi\u00f3\u00a0<\/strong>a santafesinos y santafesinas\u00a0<strong>trasladarse lo menos posible<\/strong>\u00a0ante el\u00a0<strong>crecimiento de casos positivos de coronavirus<\/strong>. <\/p>\n\n\n\n<p>\u201cSi no tenemos que movernos no lo hagamos, si no tenemos que viajar a Buenos Aires, Chaco o Entre R\u00edos porque la actividad no es esencial, no lo hagamos. Estamos en un momento donde<strong>&nbsp;la curva de contagios por covid-19 se ha acelerado<\/strong>, por eso hemos aumentado fuertemente los controles de ingresos a la provincia\u201d, manifest\u00f3 el mandatario provincial.<\/p>\n\n\n\n<p>El gobierno santafesino inform\u00f3 que por el avance de casos, se&nbsp;<strong>reforzaron los ingresos al territorio provincial<\/strong>&nbsp;mediante la acci\u00f3n Accesos Cuidados, que consiste en aumentar el personal y equipamiento en cuatro puntos clave y de alta circulaci\u00f3n.<\/p>\n\n\n\n<p>Los puestos est\u00e1n ubicados en la\u00a0<strong>autopista Rosario-Buenos Aires<\/strong>\u00a0(peaje General Lagos); ruta nacional 11 (a la altura de Florencia, en el l\u00edmite con Chaco); t\u00fanel subfluvial Ra\u00fal Uranga-Carlos Sylvestre Begnis (paso con Entre R\u00edos), y la ruta nacional 19 (en la localidad de Frontera, en el l\u00edmite con la provincia de C\u00f3rdoba).<\/p>\n\n\n\n<p> En este sentido, y ante el crecimiento fuerte de casos positivos en la ciudad de Paran\u00e1, se puso en marcha en el T\u00fanel\u00a0Subfluvial que une Santa Fe con Entre R\u00edos los denominados \u201c<strong>test de anosmia<\/strong>\u201d. <\/p>\n\n\n\n<p>\u201cSon tests de olfato que consisten en exponerle a las personas diferentes<strong>&nbsp;olores que deber\u00e1n reconocer<\/strong>\u201d, describi\u00f3 Osvaldo Aymo, director de la Agencia Provincial de Seguridad Vial.<\/p>\n\n\n\n<p>\u201cEs una forma m\u00e1s de encontrar personas presintom\u00e1ticas, es decir, que tengan una carga viral de coronavirus importante en su sistema respiratorio&nbsp;<strong>sin tener sintomatolog\u00eda<\/strong>\u00ab, agreg\u00f3.<\/p>\n\n\n\n<p>Por su parte, Perotti expres\u00f3 tambi\u00e9n que \u201cel riesgo ha crecido enormemente y los casos que se han manifestado \u00faltimamente tienen que ver con&nbsp;<strong>alguien que viaj\u00f3 y volvi\u00f3 y contagi\u00f3 a su entorno<\/strong>; y si adem\u00e1s tuvo reuniones familiares, reuniones con amigos, all\u00ed es donde se gener\u00f3 en algunos lugares esta instancia de contagio r\u00e1pidos\u201d.<\/p>\n\n\n\n<p>En esta l\u00ednea, el mandatario provincial asegur\u00f3 que \u201c<strong>todos los ingresos se han reforzado<\/strong>, todos los ingresos vienen manteniendo una instancia de control fuerte, con solicitudes de permisos y documentaci\u00f3n de viaje, controles de temperatura y<strong>\u00a0esto \u00faltimo que sumamos adicional en el T\u00fanel Subfluvial, como son los tests de anosmia<\/strong>\u201d.<br><\/p>\n\n\n\n<p>\u201cEstamos en un momento donde la curva se ha acelerado, queremos ser muy cuidadosos, hay que tener mucha atenci\u00f3n como tuvimos en los primeros d\u00edas, con la responsabilidad que cada santafesino y santafesina tuvo desde el primer d\u00eda\u201d, alert\u00f3 Perotti y agreg\u00f3 que \u201cde&nbsp;<strong>acuerdo a la evoluci\u00f3n epidemiol\u00f3gica de cada regi\u00f3n<\/strong>&nbsp;o ciudad se analizar\u00e1 restringir actividades que se hab\u00edan ido habilitando\u201d.<\/p>\n\n\n\n<p>Para finalizar, Osvaldo Aymo inform\u00f3 que durante un test de anosmia realizado en las \u00faltimas horas y que al no reconocer los valores del mismo,&nbsp;<strong>se le neg\u00f3 el ingreso a una persona proveniente de Entre R\u00edos<\/strong>.<\/p>\n\n\n\n<p><\/p>\n\n\n\n<p><\/p>\n\n\n\n<p><br><\/p>\n","protected":false},"excerpt":{"rendered":"<p>El gobernador Omar Perotti recorri\u00f3 los puntos de control y pidi\u00f3 \u00abtrasladarse lo menos posible\u00bb ante el crecimiento de casos positivos.\u00a0 El gobernador Omar\u00a0Perotti pidi\u00f3\u00a0a santafesinos y santafesinas\u00a0trasladarse lo menos posible\u00a0ante el\u00a0crecimiento de casos positivos de coronavirus. \u201cSi no tenemos que movernos no lo hagamos, si no tenemos que viajar a Buenos Aires, Chaco o <a href=\"https:\/\/armstrongyregion.com.ar\/diario\/coronavirus-mas-controles-en-los-accesos-a-santa-fe-por-el-aceleramiento-en-la-curva-de-contagios\/\" title=\"Read more\" >&#8230;<\/a><\/p>\n","protected":false},"author":1,"featured_media":26219,"comment_status":"open","ping_status":"open","sticky":false,"template":"","format":"image","meta":{"_jetpack_memberships_contains_paid_content":false,"footnotes":"","jetpack_publicize_message":"","jetpack_publicize_feature_enabled":true,"jetpack_social_post_already_shared":true,"jetpack_social_options":{"image_generator_settings":{"template":"highway","default_image_id":0,"enabled":false},"version":2}},"categories":[8,1,2,7,3],"tags":[],"class_list":["post-26218","post","type-post","status-publish","format-image","has-post-thumbnail","hentry","category-deliberando","category-diario-armstrong","category-locales","category-politica","category-region","post_format-post-format-image"],"jetpack_publicize_connections":[],"jetpack_featured_media_url":"https:\/\/armstrongyregion.com.ar\/diario\/wp-content\/uploads\/2020\/06\/perotti-controles-26062020.jpg","jetpack_shortlink":"https:\/\/wp.me\/p62QDO-6OS","jetpack_sharing_enabled":true,"amp_enabled":true,"_links":{"self":[{"href":"https:\/\/armstrongyregion.com.ar\/diario\/wp-json\/wp\/v2\/posts\/26218","targetHints":{"allow":["GET"]}}],"collection":[{"href":"https:\/\/armstrongyregion.com.ar\/diario\/wp-json\/wp\/v2\/posts"}],"about":[{"href":"https:\/\/armstrongyregion.com.ar\/diario\/wp-json\/wp\/v2\/types\/post"}],"author":[{"embeddable":true,"href":"https:\/\/armstrongyregion.com.ar\/diario\/wp-json\/wp\/v2\/users\/1"}],"replies":[{"embeddable":true,"href":"https:\/\/armstrongyregion.com.ar\/diario\/wp-json\/wp\/v2\/comments?post=26218"}],"version-history":[{"count":1,"href":"https:\/\/armstrongyregion.com.ar\/diario\/wp-json\/wp\/v2\/posts\/26218\/revisions"}],"predecessor-version":[{"id":26220,"href":"https:\/\/armstrongyregion.com.ar\/diario\/wp-json\/wp\/v2\/posts\/26218\/revisions\/26220"}],"wp:featuredmedia":[{"embeddable":true,"href":"https:\/\/armstrongyregion.com.ar\/diario\/wp-json\/wp\/v2\/media\/26219"}],"wp:attachment":[{"href":"https:\/\/armstrongyregion.com.ar\/diario\/wp-json\/wp\/v2\/media?parent=26218"}],"wp:term":[{"taxonomy":"category","embeddable":true,"href":"https:\/\/armstrongyregion.com.ar\/diario\/wp-json\/wp\/v2\/categories?post=26218"},{"taxonomy":"post_tag","embeddable":true,"href":"https:\/\/armstrongyregion.com.ar\/diario\/wp-json\/wp\/v2\/tags?post=26218"}],"curies":[{"name":"wp","href":"https:\/\/api.w.org\/{rel}","templated":true}]}}