{"id":26212,"date":"2020-06-26T22:29:49","date_gmt":"2020-06-26T22:29:49","guid":{"rendered":"https:\/\/armstrongyregion.com.ar\/diario\/?p=26212"},"modified":"2020-06-26T22:29:54","modified_gmt":"2020-06-26T22:29:54","slug":"canada-de-gomez-franco-massignani-este-domingo-desde-casa-del-bicentenario","status":"publish","type":"post","link":"https:\/\/armstrongyregion.com.ar\/diario\/canada-de-gomez-franco-massignani-este-domingo-desde-casa-del-bicentenario\/","title":{"rendered":"Ca\u00f1ada de G\u00f3mez. Franco Massignani este domingo desde casa del bicentenario."},"content":{"rendered":"\n<figure class=\"wp-block-image size-large\"><img loading=\"lazy\" decoding=\"async\" width=\"540\" height=\"540\" src=\"http:\/\/armstrongyregion.com.ar\/diario\/wp-content\/uploads\/2020\/06\/feed-recitales-en-casa-del-bicentenario.png\" alt=\"\" class=\"wp-image-26213\" srcset=\"https:\/\/armstrongyregion.com.ar\/diario\/wp-content\/uploads\/2020\/06\/feed-recitales-en-casa-del-bicentenario.png 540w, https:\/\/armstrongyregion.com.ar\/diario\/wp-content\/uploads\/2020\/06\/feed-recitales-en-casa-del-bicentenario-300x300.png 300w, https:\/\/armstrongyregion.com.ar\/diario\/wp-content\/uploads\/2020\/06\/feed-recitales-en-casa-del-bicentenario-150x150.png 150w\" sizes=\"auto, (max-width: 540px) 100vw, 540px\" \/><\/figure>\n\n\n\n<p>Luego de la presentaci\u00f3n y aprobaci\u00f3n del protocolo, el Municipio lleva adelante esta iniciativa con artistas locales. Se puede ver por el canal local o redes sociales.<\/p>\n\n\n\n<p>A partir de las disposiciones del distanciamiento social, preventivo y obligatorio el Municipio present\u00f3 el protocolo y fue aprobado por el Gobierno de Santa Fe para comenzar a realizar actividades en Casa del Bicentenario junto a nuestros artistas.<\/p>\n\n\n\n<p>Este domingo 28 de junio desde las 19 hs. estar\u00e1 Franco Massignani, quien har\u00e1 un show ac\u00fastico junto a Cristian Guzm\u00e1n, que podr\u00e1 seguirse desde el&nbsp;<a href=\"https:\/\/www.facebook.com\/CasaDelBicentenarioDeCanadaDeGomez\/\" target=\"_blank\" rel=\"noreferrer noopener\">https:\/\/www.facebook.com\/CasaDelBicentenarioDeCanadaDeGomez\/<\/a>, el canal de YouTube Cultura MCG y por televisi\u00f3n en el canal local (frecuencia 7 de Cablevisi\u00f3n) y el canal provincial 5RTV.&nbsp;<\/p>\n","protected":false},"excerpt":{"rendered":"<p>Luego de la presentaci\u00f3n y aprobaci\u00f3n del protocolo, el Municipio lleva adelante esta iniciativa con artistas locales. Se puede ver por el canal local o redes sociales. A partir de las disposiciones del distanciamiento social, preventivo y obligatorio el Municipio present\u00f3 el protocolo y fue aprobado por el Gobierno de Santa Fe para comenzar a <a href=\"https:\/\/armstrongyregion.com.ar\/diario\/canada-de-gomez-franco-massignani-este-domingo-desde-casa-del-bicentenario\/\" title=\"Read more\" >&#8230;<\/a><\/p>\n","protected":false},"author":1,"featured_media":26213,"comment_status":"open","ping_status":"open","sticky":false,"template":"","format":"image","meta":{"_jetpack_memberships_contains_paid_content":false,"footnotes":"","jetpack_publicize_message":"","jetpack_publicize_feature_enabled":true,"jetpack_social_post_already_shared":true,"jetpack_social_options":{"image_generator_settings":{"template":"highway","default_image_id":0,"enabled":false},"version":2}},"categories":[6,8,1,2,7],"tags":[],"class_list":["post-26212","post","type-post","status-publish","format-image","has-post-thumbnail","hentry","category-cultura-entretenimiento","category-deliberando","category-diario-armstrong","category-locales","category-politica","post_format-post-format-image"],"jetpack_publicize_connections":[],"jetpack_featured_media_url":"https:\/\/armstrongyregion.com.ar\/diario\/wp-content\/uploads\/2020\/06\/feed-recitales-en-casa-del-bicentenario.png","jetpack_shortlink":"https:\/\/wp.me\/p62QDO-6OM","jetpack_sharing_enabled":true,"amp_enabled":true,"_links":{"self":[{"href":"https:\/\/armstrongyregion.com.ar\/diario\/wp-json\/wp\/v2\/posts\/26212","targetHints":{"allow":["GET"]}}],"collection":[{"href":"https:\/\/armstrongyregion.com.ar\/diario\/wp-json\/wp\/v2\/posts"}],"about":[{"href":"https:\/\/armstrongyregion.com.ar\/diario\/wp-json\/wp\/v2\/types\/post"}],"author":[{"embeddable":true,"href":"https:\/\/armstrongyregion.com.ar\/diario\/wp-json\/wp\/v2\/users\/1"}],"replies":[{"embeddable":true,"href":"https:\/\/armstrongyregion.com.ar\/diario\/wp-json\/wp\/v2\/comments?post=26212"}],"version-history":[{"count":1,"href":"https:\/\/armstrongyregion.com.ar\/diario\/wp-json\/wp\/v2\/posts\/26212\/revisions"}],"predecessor-version":[{"id":26214,"href":"https:\/\/armstrongyregion.com.ar\/diario\/wp-json\/wp\/v2\/posts\/26212\/revisions\/26214"}],"wp:featuredmedia":[{"embeddable":true,"href":"https:\/\/armstrongyregion.com.ar\/diario\/wp-json\/wp\/v2\/media\/26213"}],"wp:attachment":[{"href":"https:\/\/armstrongyregion.com.ar\/diario\/wp-json\/wp\/v2\/media?parent=26212"}],"wp:term":[{"taxonomy":"category","embeddable":true,"href":"https:\/\/armstrongyregion.com.ar\/diario\/wp-json\/wp\/v2\/categories?post=26212"},{"taxonomy":"post_tag","embeddable":true,"href":"https:\/\/armstrongyregion.com.ar\/diario\/wp-json\/wp\/v2\/tags?post=26212"}],"curies":[{"name":"wp","href":"https:\/\/api.w.org\/{rel}","templated":true}]}}