{"id":26192,"date":"2020-06-25T14:33:07","date_gmt":"2020-06-25T14:33:07","guid":{"rendered":"https:\/\/armstrongyregion.com.ar\/diario\/?p=26192"},"modified":"2020-06-25T14:33:12","modified_gmt":"2020-06-25T14:33:12","slug":"hay-industriales-que-se-escandalizan-con-la-expropiacion-y-otros-no-hay-que-salvar-la-empresa","status":"publish","type":"post","link":"https:\/\/armstrongyregion.com.ar\/diario\/hay-industriales-que-se-escandalizan-con-la-expropiacion-y-otros-no-hay-que-salvar-la-empresa\/","title":{"rendered":"\u00abHay industriales que se escandalizan con la expropiaci\u00f3n y otros no, hay que salvar la empresa\u201d"},"content":{"rendered":"\n<figure class=\"wp-block-image size-large\"><img loading=\"lazy\" decoding=\"async\" width=\"800\" height=\"450\" src=\"http:\/\/armstrongyregion.com.ar\/diario\/wp-content\/uploads\/2020\/06\/vicentin-2.png\" alt=\"\" class=\"wp-image-26193\" srcset=\"https:\/\/armstrongyregion.com.ar\/diario\/wp-content\/uploads\/2020\/06\/vicentin-2.png 800w, https:\/\/armstrongyregion.com.ar\/diario\/wp-content\/uploads\/2020\/06\/vicentin-2-300x169.png 300w, https:\/\/armstrongyregion.com.ar\/diario\/wp-content\/uploads\/2020\/06\/vicentin-2-768x432.png 768w\" sizes=\"auto, (max-width: 800px) 100vw, 800px\" \/><\/figure>\n\n\n\n<h2 class=\"wp-block-heading\"> El vicepresidente de la Uni\u00f3n Industrial Argentina, Guillermo Moretti, pidi\u00f3 \u201cque no pase lo de Sancor\u201d y cuestion\u00f3 el concepto de seguridad jur\u00eddica. \u201cNo hay que ideologizar, hay que recuperar el aparato productivo\u201d, se\u00f1al\u00f3 <\/h2>\n\n\n\n<p> El vicepresidente de la Uni\u00f3n Industrial Argentina (UIA), Guillermo Moretti, expres\u00f3 su postura frente a la situaci\u00f3n de la empresa Vicent\u00edn. Pidi\u00f3 concentrar los esfuerzos en salvar a la empresa. <\/p>\n\n\n\n<p>En contacto con<em>&nbsp;Radi\u00f3polis<\/em>&nbsp;(Radio 2), Moretti sent\u00f3 opini\u00f3n sobre el destino de la agroexportadora:&nbsp;<strong>\u201cYo creo que para Santa Fe hay que salvar la empresa, no s\u00e9 cu\u00e1l es la forma o el m\u00e9todo\u201d<\/strong>, dijo y pidi\u00f3 \u201cque no pase lo de Sancor que es una locura porque termin\u00f3 parti\u00e9ndose en pedazos y los extranjeros se quedaron con los mejores\u201d.<\/p>\n\n\n\n<p><strong>\u201cNo hay que ideologizar, hay que recuperar el aparato productivo\u201d, apunt\u00f3 y agreg\u00f3: \u201cHay industriales que se escandalizan con la expropiaci\u00f3n y otros no, hay que salvar a la empresa\u201d.<\/strong><\/p>\n\n\n\n<p>\u201cLa palabra expropiaci\u00f3n no me genera ning\u00fan temor, no me ofende para nada\u201d, aclar\u00f3 y advirti\u00f3: \u201cCuando se habla de seguridad jur\u00eddica, nosotros hemos perdido en 4 a\u00f1os 25 mil, pymes, ah\u00ed no hab\u00eda seguridad jur\u00eddica que valga. A los 2 mil productores a los que se les debe dinero y las 700 pymes que se quedan sin trabajo, preg\u00fantenles qu\u00e9 es la seguridad jur\u00eddica\u201d.<\/p>\n","protected":false},"excerpt":{"rendered":"<p>El vicepresidente de la Uni\u00f3n Industrial Argentina, Guillermo Moretti, pidi\u00f3 \u201cque no pase lo de Sancor\u201d y cuestion\u00f3 el concepto de seguridad jur\u00eddica. \u201cNo hay que ideologizar, hay que recuperar el aparato productivo\u201d, se\u00f1al\u00f3 El vicepresidente de la Uni\u00f3n Industrial Argentina (UIA), Guillermo Moretti, expres\u00f3 su postura frente a la situaci\u00f3n de la empresa Vicent\u00edn. <a href=\"https:\/\/armstrongyregion.com.ar\/diario\/hay-industriales-que-se-escandalizan-con-la-expropiacion-y-otros-no-hay-que-salvar-la-empresa\/\" title=\"Read more\" >&#8230;<\/a><\/p>\n","protected":false},"author":1,"featured_media":26193,"comment_status":"open","ping_status":"open","sticky":false,"template":"","format":"image","meta":{"_jetpack_memberships_contains_paid_content":false,"footnotes":"","jetpack_publicize_message":"","jetpack_publicize_feature_enabled":true,"jetpack_social_post_already_shared":true,"jetpack_social_options":{"image_generator_settings":{"template":"highway","default_image_id":0,"enabled":false},"version":2}},"categories":[8,1,2,7,3],"tags":[],"class_list":["post-26192","post","type-post","status-publish","format-image","has-post-thumbnail","hentry","category-deliberando","category-diario-armstrong","category-locales","category-politica","category-region","post_format-post-format-image"],"jetpack_publicize_connections":[],"jetpack_featured_media_url":"https:\/\/armstrongyregion.com.ar\/diario\/wp-content\/uploads\/2020\/06\/vicentin-2.png","jetpack_shortlink":"https:\/\/wp.me\/p62QDO-6Os","jetpack_sharing_enabled":true,"amp_enabled":true,"_links":{"self":[{"href":"https:\/\/armstrongyregion.com.ar\/diario\/wp-json\/wp\/v2\/posts\/26192","targetHints":{"allow":["GET"]}}],"collection":[{"href":"https:\/\/armstrongyregion.com.ar\/diario\/wp-json\/wp\/v2\/posts"}],"about":[{"href":"https:\/\/armstrongyregion.com.ar\/diario\/wp-json\/wp\/v2\/types\/post"}],"author":[{"embeddable":true,"href":"https:\/\/armstrongyregion.com.ar\/diario\/wp-json\/wp\/v2\/users\/1"}],"replies":[{"embeddable":true,"href":"https:\/\/armstrongyregion.com.ar\/diario\/wp-json\/wp\/v2\/comments?post=26192"}],"version-history":[{"count":1,"href":"https:\/\/armstrongyregion.com.ar\/diario\/wp-json\/wp\/v2\/posts\/26192\/revisions"}],"predecessor-version":[{"id":26194,"href":"https:\/\/armstrongyregion.com.ar\/diario\/wp-json\/wp\/v2\/posts\/26192\/revisions\/26194"}],"wp:featuredmedia":[{"embeddable":true,"href":"https:\/\/armstrongyregion.com.ar\/diario\/wp-json\/wp\/v2\/media\/26193"}],"wp:attachment":[{"href":"https:\/\/armstrongyregion.com.ar\/diario\/wp-json\/wp\/v2\/media?parent=26192"}],"wp:term":[{"taxonomy":"category","embeddable":true,"href":"https:\/\/armstrongyregion.com.ar\/diario\/wp-json\/wp\/v2\/categories?post=26192"},{"taxonomy":"post_tag","embeddable":true,"href":"https:\/\/armstrongyregion.com.ar\/diario\/wp-json\/wp\/v2\/tags?post=26192"}],"curies":[{"name":"wp","href":"https:\/\/api.w.org\/{rel}","templated":true}]}}