{"id":26171,"date":"2020-06-23T13:22:19","date_gmt":"2020-06-23T13:22:19","guid":{"rendered":"https:\/\/armstrongyregion.com.ar\/diario\/?p=26171"},"modified":"2020-06-23T13:22:23","modified_gmt":"2020-06-23T13:22:23","slug":"clerici-presento-importante-maquina-en-el-centro-tecnologico-del-mueble","status":"publish","type":"post","link":"https:\/\/armstrongyregion.com.ar\/diario\/clerici-presento-importante-maquina-en-el-centro-tecnologico-del-mueble\/","title":{"rendered":"Cl\u00e9rici presento importante m\u00e1quina en el centro tecnologico del mueble."},"content":{"rendered":"\n<figure class=\"wp-block-image size-large\"><img loading=\"lazy\" decoding=\"async\" width=\"640\" height=\"480\" src=\"http:\/\/armstrongyregion.com.ar\/diario\/wp-content\/uploads\/2020\/06\/WhatsApp-Image-2020-06-22-at-16.20.48-1.jpg\" alt=\"\" class=\"wp-image-26172\" srcset=\"https:\/\/armstrongyregion.com.ar\/diario\/wp-content\/uploads\/2020\/06\/WhatsApp-Image-2020-06-22-at-16.20.48-1.jpg 640w, https:\/\/armstrongyregion.com.ar\/diario\/wp-content\/uploads\/2020\/06\/WhatsApp-Image-2020-06-22-at-16.20.48-1-300x225.jpg 300w\" sizes=\"auto, (max-width: 640px) 100vw, 640px\" \/><\/figure>\n\n\n\n<p>Se trata de equipamiento \u00fanico en el pa\u00eds que mide el contenido del formaldehido de los muebles, para la elaboraci\u00f3n de certificaciones t\u00e9cnicas que protejan a la producci\u00f3n ca\u00f1adense. La presentaci\u00f3n se realiz\u00f3 junto a autoridades de la C\u00e1mara de la Madera y el gobierno Provincial.<\/p>\n\n\n\n<p>La intendenta Stella Cl\u00e9rici junto al presidente de la C\u00e1mara de la Madera Cesar Federici y el director de Infraestructura y Fortalecimiento Industrial Marcelo Cogno, presentaron un importante avance en el laboratorio del Centro Tecnol\u00f3gico del Mueble que funciona en el Parque Industrial.<\/p>\n\n\n\n<p>Se trata de una m\u00e1quina para certificar normas t\u00e9cnicas, a trav\u00e9s de la realizaci\u00f3n de an\u00e1lisis t\u00e9cnicos respecto a la composici\u00f3n y emanaci\u00f3n del compuesto qu\u00edmico formaldeh\u00eddo de cada mueble, para la elaboraci\u00f3n de medidas para arancelarias que protejan a la producci\u00f3n ca\u00f1adense frente a las importaciones.<\/p>\n\n\n\n<p>Esta m\u00e1quina es \u00fanica en el pa\u00eds y a trav\u00e9s de la medici\u00f3n del contenido del formaldehido de los tableros con lo que se fabrican los muebles placa permite restringir el ingreso de muebles desde el exterior. \u201cSeguimos trabajando junto a la C\u00e1mara y el gobierno provincial en la defensa del mueble local a partir de herramientas que se constituyen en acciones de protecci\u00f3n a la industria ca\u00f1adanese\u201d, destac\u00f3 Cl\u00e9rici. Por su parte Cogno valor\u00f3 que \u201cesta m\u00e1quina es \u00fanica en el pa\u00eds, por lo que consolida el Centro Tecnol\u00f3gico del Mueble y permite elaborar medidas para arancelarias que protejan a la producci\u00f3n local frente a las importaciones\u201d.&nbsp;<\/p>\n","protected":false},"excerpt":{"rendered":"<p>Se trata de equipamiento \u00fanico en el pa\u00eds que mide el contenido del formaldehido de los muebles, para la elaboraci\u00f3n de certificaciones t\u00e9cnicas que protejan a la producci\u00f3n ca\u00f1adense. La presentaci\u00f3n se realiz\u00f3 junto a autoridades de la C\u00e1mara de la Madera y el gobierno Provincial. La intendenta Stella Cl\u00e9rici junto al presidente de la <a href=\"https:\/\/armstrongyregion.com.ar\/diario\/clerici-presento-importante-maquina-en-el-centro-tecnologico-del-mueble\/\" title=\"Read more\" >&#8230;<\/a><\/p>\n","protected":false},"author":1,"featured_media":26172,"comment_status":"open","ping_status":"open","sticky":false,"template":"","format":"image","meta":{"_jetpack_memberships_contains_paid_content":false,"footnotes":"","jetpack_publicize_message":"","jetpack_publicize_feature_enabled":true,"jetpack_social_post_already_shared":true,"jetpack_social_options":{"image_generator_settings":{"template":"highway","default_image_id":0,"enabled":false},"version":2}},"categories":[8,1,7,3],"tags":[],"class_list":["post-26171","post","type-post","status-publish","format-image","has-post-thumbnail","hentry","category-deliberando","category-diario-armstrong","category-politica","category-region","post_format-post-format-image"],"jetpack_publicize_connections":[],"jetpack_featured_media_url":"https:\/\/armstrongyregion.com.ar\/diario\/wp-content\/uploads\/2020\/06\/WhatsApp-Image-2020-06-22-at-16.20.48-1.jpg","jetpack_shortlink":"https:\/\/wp.me\/p62QDO-6O7","jetpack_sharing_enabled":true,"amp_enabled":true,"_links":{"self":[{"href":"https:\/\/armstrongyregion.com.ar\/diario\/wp-json\/wp\/v2\/posts\/26171","targetHints":{"allow":["GET"]}}],"collection":[{"href":"https:\/\/armstrongyregion.com.ar\/diario\/wp-json\/wp\/v2\/posts"}],"about":[{"href":"https:\/\/armstrongyregion.com.ar\/diario\/wp-json\/wp\/v2\/types\/post"}],"author":[{"embeddable":true,"href":"https:\/\/armstrongyregion.com.ar\/diario\/wp-json\/wp\/v2\/users\/1"}],"replies":[{"embeddable":true,"href":"https:\/\/armstrongyregion.com.ar\/diario\/wp-json\/wp\/v2\/comments?post=26171"}],"version-history":[{"count":1,"href":"https:\/\/armstrongyregion.com.ar\/diario\/wp-json\/wp\/v2\/posts\/26171\/revisions"}],"predecessor-version":[{"id":26173,"href":"https:\/\/armstrongyregion.com.ar\/diario\/wp-json\/wp\/v2\/posts\/26171\/revisions\/26173"}],"wp:featuredmedia":[{"embeddable":true,"href":"https:\/\/armstrongyregion.com.ar\/diario\/wp-json\/wp\/v2\/media\/26172"}],"wp:attachment":[{"href":"https:\/\/armstrongyregion.com.ar\/diario\/wp-json\/wp\/v2\/media?parent=26171"}],"wp:term":[{"taxonomy":"category","embeddable":true,"href":"https:\/\/armstrongyregion.com.ar\/diario\/wp-json\/wp\/v2\/categories?post=26171"},{"taxonomy":"post_tag","embeddable":true,"href":"https:\/\/armstrongyregion.com.ar\/diario\/wp-json\/wp\/v2\/tags?post=26171"}],"curies":[{"name":"wp","href":"https:\/\/api.w.org\/{rel}","templated":true}]}}