{"id":26151,"date":"2020-06-22T01:02:53","date_gmt":"2020-06-22T01:02:53","guid":{"rendered":"https:\/\/armstrongyregion.com.ar\/diario\/?p=26151"},"modified":"2020-06-22T01:07:45","modified_gmt":"2020-06-22T01:07:45","slug":"armstrong-y-la-region-participaron-del-banderazo-nacional-en-defensa-de-la-propiedad-privada","status":"publish","type":"post","link":"https:\/\/armstrongyregion.com.ar\/diario\/armstrong-y-la-region-participaron-del-banderazo-nacional-en-defensa-de-la-propiedad-privada\/","title":{"rendered":"Armstrong y la regi\u00f3n participaron del Banderazo Nacional en defensa de la propiedad privada."},"content":{"rendered":"\n<figure class=\"wp-block-image size-large\"><img loading=\"lazy\" decoding=\"async\" width=\"960\" height=\"554\" src=\"http:\/\/armstrongyregion.com.ar\/diario\/wp-content\/uploads\/2020\/06\/Verdecchia-Banderazo-.jpg\" alt=\"\" class=\"wp-image-26152\" srcset=\"https:\/\/armstrongyregion.com.ar\/diario\/wp-content\/uploads\/2020\/06\/Verdecchia-Banderazo-.jpg 960w, https:\/\/armstrongyregion.com.ar\/diario\/wp-content\/uploads\/2020\/06\/Verdecchia-Banderazo--300x173.jpg 300w, https:\/\/armstrongyregion.com.ar\/diario\/wp-content\/uploads\/2020\/06\/Verdecchia-Banderazo--768x443.jpg 768w\" sizes=\"auto, (max-width: 960px) 100vw, 960px\" \/><\/figure>\n\n\n\n<p>\nComo estaba previsto, el pasado 20 de junio a las 16hs vecinos de\nArmstrong y localidades de la regi\u00f3n se concentraron en el cruce de\nlas rutas 9 y 178 y de ahi se dirigieron en caravana a Ca\u00f1ada de\nG\u00f3mez. \n<\/p>\n\n\n\n<figure class=\"wp-block-image size-large\"><img loading=\"lazy\" decoding=\"async\" width=\"960\" height=\"558\" src=\"http:\/\/armstrongyregion.com.ar\/diario\/wp-content\/uploads\/2020\/06\/Banderazo-1-.jpg\" alt=\"\" class=\"wp-image-26153\" srcset=\"https:\/\/armstrongyregion.com.ar\/diario\/wp-content\/uploads\/2020\/06\/Banderazo-1-.jpg 960w, https:\/\/armstrongyregion.com.ar\/diario\/wp-content\/uploads\/2020\/06\/Banderazo-1--300x174.jpg 300w, https:\/\/armstrongyregion.com.ar\/diario\/wp-content\/uploads\/2020\/06\/Banderazo-1--768x446.jpg 768w\" sizes=\"auto, (max-width: 960px) 100vw, 960px\" \/><\/figure>\n\n\n\n<p>Con el lema \u201cHoy\nes Vicent\u00edn, ma\u00f1ana sos vos\u201d, muchas banderas argentinas y\nbocinazos, los cuales culminaron con una concentraci\u00f3n en la plaza\ncentral de la ciudad Ca\u00f1adense.<\/p>\n\n\n\n<figure class=\"wp-block-image size-large\"><img loading=\"lazy\" decoding=\"async\" width=\"960\" height=\"549\" src=\"http:\/\/armstrongyregion.com.ar\/diario\/wp-content\/uploads\/2020\/06\/banderazo-2-.jpg\" alt=\"\" class=\"wp-image-26154\" srcset=\"https:\/\/armstrongyregion.com.ar\/diario\/wp-content\/uploads\/2020\/06\/banderazo-2-.jpg 960w, https:\/\/armstrongyregion.com.ar\/diario\/wp-content\/uploads\/2020\/06\/banderazo-2--300x172.jpg 300w, https:\/\/armstrongyregion.com.ar\/diario\/wp-content\/uploads\/2020\/06\/banderazo-2--768x439.jpg 768w\" sizes=\"auto, (max-width: 960px) 100vw, 960px\" \/><\/figure>\n\n\n\n<p>Entre los autoconvocados estaba presente el intendente de Armstrong Dr. Pablo Verdecchia,  el mismo agradeci\u00f3 la invitaci\u00f3n de los vecinos e hizo un breve discurso donde expreso que le estaban llegando im\u00e1genes de las  manifestaciones de diversas ciudades del pa\u00eds y aleg\u00f3 que emocionaba ver la respuesta del pueblo argentino aun en medio de la pandemia\u201d.<\/p>\n\n\n\n<p><a href=\"https:\/\/m.facebook.com\/story.php?story_fbid=3793353197345819&amp;id=1390373714528764\">https:\/\/m.facebook.com\/story.php?story_fbid=3793353197345819&amp;id=1390373714528764<\/a><\/p>\n\n\n\n<p>En su alocuci\u00f3n dijo \u201cEs importante estar juntos defendiendo la propiedad privada,  que creo es lo mas importante que tenemos como pa\u00eds y tenemos que defenderla con u\u00f1as y dientes. Ac\u00e1 no hay sectores pol\u00edticos, yo solo soy un invitado,  ac\u00e1 no hay ninguna organizaci\u00f3n pol\u00edtica,  ninguna clase, esto es un derecho que tenemos los argentinos para defendernos y que no sigan avanzando y atenten contra la propiedad privada\u201d.<\/p>\n\n\n\n<p>Video: Atenci\u00f3n Diario Ca\u00f1ada.<\/p>\n","protected":false},"excerpt":{"rendered":"<p>Como estaba previsto, el pasado 20 de junio a las 16hs vecinos de Armstrong y localidades de la regi\u00f3n se concentraron en el cruce de las rutas 9 y 178 y de ahi se dirigieron en caravana a Ca\u00f1ada de G\u00f3mez. Con el lema \u201cHoy es Vicent\u00edn, ma\u00f1ana sos vos\u201d, muchas banderas argentinas y bocinazos, <a href=\"https:\/\/armstrongyregion.com.ar\/diario\/armstrong-y-la-region-participaron-del-banderazo-nacional-en-defensa-de-la-propiedad-privada\/\" title=\"Read more\" >&#8230;<\/a><\/p>\n","protected":false},"author":1,"featured_media":26152,"comment_status":"open","ping_status":"open","sticky":false,"template":"","format":"image","meta":{"_jetpack_memberships_contains_paid_content":false,"footnotes":"","jetpack_publicize_message":"","jetpack_publicize_feature_enabled":true,"jetpack_social_post_already_shared":true,"jetpack_social_options":{"image_generator_settings":{"template":"highway","default_image_id":0,"enabled":false},"version":2}},"categories":[8,1,2,7,3],"tags":[],"class_list":["post-26151","post","type-post","status-publish","format-image","has-post-thumbnail","hentry","category-deliberando","category-diario-armstrong","category-locales","category-politica","category-region","post_format-post-format-image"],"jetpack_publicize_connections":[],"jetpack_featured_media_url":"https:\/\/armstrongyregion.com.ar\/diario\/wp-content\/uploads\/2020\/06\/Verdecchia-Banderazo-.jpg","jetpack_shortlink":"https:\/\/wp.me\/p62QDO-6NN","jetpack_sharing_enabled":true,"amp_enabled":true,"_links":{"self":[{"href":"https:\/\/armstrongyregion.com.ar\/diario\/wp-json\/wp\/v2\/posts\/26151","targetHints":{"allow":["GET"]}}],"collection":[{"href":"https:\/\/armstrongyregion.com.ar\/diario\/wp-json\/wp\/v2\/posts"}],"about":[{"href":"https:\/\/armstrongyregion.com.ar\/diario\/wp-json\/wp\/v2\/types\/post"}],"author":[{"embeddable":true,"href":"https:\/\/armstrongyregion.com.ar\/diario\/wp-json\/wp\/v2\/users\/1"}],"replies":[{"embeddable":true,"href":"https:\/\/armstrongyregion.com.ar\/diario\/wp-json\/wp\/v2\/comments?post=26151"}],"version-history":[{"count":4,"href":"https:\/\/armstrongyregion.com.ar\/diario\/wp-json\/wp\/v2\/posts\/26151\/revisions"}],"predecessor-version":[{"id":26158,"href":"https:\/\/armstrongyregion.com.ar\/diario\/wp-json\/wp\/v2\/posts\/26151\/revisions\/26158"}],"wp:featuredmedia":[{"embeddable":true,"href":"https:\/\/armstrongyregion.com.ar\/diario\/wp-json\/wp\/v2\/media\/26152"}],"wp:attachment":[{"href":"https:\/\/armstrongyregion.com.ar\/diario\/wp-json\/wp\/v2\/media?parent=26151"}],"wp:term":[{"taxonomy":"category","embeddable":true,"href":"https:\/\/armstrongyregion.com.ar\/diario\/wp-json\/wp\/v2\/categories?post=26151"},{"taxonomy":"post_tag","embeddable":true,"href":"https:\/\/armstrongyregion.com.ar\/diario\/wp-json\/wp\/v2\/tags?post=26151"}],"curies":[{"name":"wp","href":"https:\/\/api.w.org\/{rel}","templated":true}]}}