{"id":26136,"date":"2020-06-20T20:45:38","date_gmt":"2020-06-20T20:45:38","guid":{"rendered":"https:\/\/armstrongyregion.com.ar\/diario\/?p=26136"},"modified":"2020-06-20T20:45:43","modified_gmt":"2020-06-20T20:45:43","slug":"el-senado-de-santa-fe-dio-media-sancion-a-la-ley-de-paridad-de-genero","status":"publish","type":"post","link":"https:\/\/armstrongyregion.com.ar\/diario\/el-senado-de-santa-fe-dio-media-sancion-a-la-ley-de-paridad-de-genero\/","title":{"rendered":"El Senado de Santa Fe di\u00f3 media sanci\u00f3n a la Ley de Paridad de G\u00e9nero"},"content":{"rendered":"\n<figure class=\"wp-block-image size-large\"><img loading=\"lazy\" decoding=\"async\" width=\"800\" height=\"420\" src=\"http:\/\/armstrongyregion.com.ar\/diario\/wp-content\/uploads\/2020\/06\/cornaglia-ley-paridad.jpg\" alt=\"\" class=\"wp-image-26137\" srcset=\"https:\/\/armstrongyregion.com.ar\/diario\/wp-content\/uploads\/2020\/06\/cornaglia-ley-paridad.jpg 800w, https:\/\/armstrongyregion.com.ar\/diario\/wp-content\/uploads\/2020\/06\/cornaglia-ley-paridad-300x158.jpg 300w, https:\/\/armstrongyregion.com.ar\/diario\/wp-content\/uploads\/2020\/06\/cornaglia-ley-paridad-768x403.jpg 768w\" sizes=\"auto, (max-width: 800px) 100vw, 800px\" \/><\/figure>\n\n\n\n<h2 class=\"wp-block-heading\"> As\u00ed lo inform\u00f3 el senador Cornaglia. Se establece el principio de paridad de g\u00e9nero en la composici\u00f3n e integraci\u00f3n de los poderes Legislativo, Ejecutivo y Judicial, los partidos pol\u00edticos y asociaciones, consejos y colegios profesionales. <\/h2>\n\n\n\n<p>La C\u00e1mara de Senadores de la Provincia dio media sanci\u00f3n por unanimidad al proyecto de ley que establece el principio de paridad de g\u00e9nero en la composici\u00f3n e integraci\u00f3n del Poder Legislativo, Poder Ejecutivo, Poder Judicial, Partidos Pol\u00edticos y asociaciones, consejos y colegios profesionales. Fue en el marco de la Sesi\u00f3n Ordinaria n\u00ba 5 del Per\u00edodo 138, que se realiz\u00f3 de manera presencial en el recinto de la C\u00e1mara Alta.&nbsp;<\/p>\n\n\n\n<p>Seg\u00fan indica el texto aprobado, la normativa entiende por paridad de g\u00e9nero<em>&nbsp;\u201cla representaci\u00f3n igualitaria de hombres y mujeres de hasta un cincuenta por ciento para cada g\u00e9nero en la conformaci\u00f3n de listas electorales, y en la composici\u00f3n de estructuras org\u00e1nicas o de cargos y ternas o n\u00f3minas de designaci\u00f3n\u201d.<\/em><\/p>\n\n\n\n<p>Tras la aprobaci\u00f3n del proyecto, Rub\u00e9n Pirola (Las Colonias) manifest\u00f3:&nbsp;<em>\u201cNecesit\u00e1bamos que la provincia se sumara a otras 14 que ya han trabajado sobre paridad de g\u00e9nero y a la ley nacional sancionada a fines de 2017\u201d.<\/em>&nbsp;<\/p>\n\n\n\n<p>Adem\u00e1s, resalt\u00f3 que el texto \u201c<em>deja plasmado que el Estado pueda ir fomentando la igualdad y la paridad de g\u00e9nero\u201d.<\/em>&nbsp;Por eso sostuvo que&nbsp;<em>\u201cesta ley no se agota en su sanci\u00f3n misma, sino que es el inicio de nuevos desaf\u00edos\u201d y pidi\u00f3 \u201cque cada dirigente de sus respectivos partidos profundicen los valores sobre paridad de g\u00e9nero\u201d.<\/em><\/p>\n\n\n\n<p>Por su parte, la presidenta de la C\u00e1mara, Alejandra Rodenas, calific\u00f3 este jueves como \u201c<em>un d\u00eda hist\u00f3rico para la provincia\u201d&nbsp;<\/em>por la media sanci\u00f3n del proyecto.&nbsp;<em>\u201cLas leyes son hijas de su tiempo y son parte de una construcci\u00f3n que tiene que ver con la mirada y la capacidad de escuchar de los actores que las ponen en letra de ley\u201d<\/em>, analiz\u00f3 la vicegobernadora.<\/p>\n\n\n\n<p><em>\u201cUna ley no agota un proceso y tenemos que avanzar hacia una democracia paritaria. Me gustar\u00eda que pr\u00f3ximamente podamos hablar de un modelo representativo, republicano, federal y paritario, porque esto ser\u00eda recoger las demandas de muchas mujeres que hoy ven cercenados algunos de sus derechos. Sin paridad no hay justicia social y la paridad es tambi\u00e9n una cuesti\u00f3n de derechos humanos\u201d,<\/em>&nbsp;concluy\u00f3.<\/p>\n","protected":false},"excerpt":{"rendered":"<p>As\u00ed lo inform\u00f3 el senador Cornaglia. Se establece el principio de paridad de g\u00e9nero en la composici\u00f3n e integraci\u00f3n de los poderes Legislativo, Ejecutivo y Judicial, los partidos pol\u00edticos y asociaciones, consejos y colegios profesionales. La C\u00e1mara de Senadores de la Provincia dio media sanci\u00f3n por unanimidad al proyecto de ley que establece el principio <a href=\"https:\/\/armstrongyregion.com.ar\/diario\/el-senado-de-santa-fe-dio-media-sancion-a-la-ley-de-paridad-de-genero\/\" title=\"Read more\" >&#8230;<\/a><\/p>\n","protected":false},"author":1,"featured_media":26137,"comment_status":"open","ping_status":"open","sticky":false,"template":"","format":"image","meta":{"_jetpack_memberships_contains_paid_content":false,"footnotes":"","jetpack_publicize_message":"","jetpack_publicize_feature_enabled":true,"jetpack_social_post_already_shared":true,"jetpack_social_options":{"image_generator_settings":{"template":"highway","default_image_id":0,"enabled":false},"version":2}},"categories":[1,2,7],"tags":[],"class_list":["post-26136","post","type-post","status-publish","format-image","has-post-thumbnail","hentry","category-diario-armstrong","category-locales","category-politica","post_format-post-format-image"],"jetpack_publicize_connections":[],"jetpack_featured_media_url":"https:\/\/armstrongyregion.com.ar\/diario\/wp-content\/uploads\/2020\/06\/cornaglia-ley-paridad.jpg","jetpack_shortlink":"https:\/\/wp.me\/p62QDO-6Ny","jetpack_sharing_enabled":true,"amp_enabled":true,"_links":{"self":[{"href":"https:\/\/armstrongyregion.com.ar\/diario\/wp-json\/wp\/v2\/posts\/26136","targetHints":{"allow":["GET"]}}],"collection":[{"href":"https:\/\/armstrongyregion.com.ar\/diario\/wp-json\/wp\/v2\/posts"}],"about":[{"href":"https:\/\/armstrongyregion.com.ar\/diario\/wp-json\/wp\/v2\/types\/post"}],"author":[{"embeddable":true,"href":"https:\/\/armstrongyregion.com.ar\/diario\/wp-json\/wp\/v2\/users\/1"}],"replies":[{"embeddable":true,"href":"https:\/\/armstrongyregion.com.ar\/diario\/wp-json\/wp\/v2\/comments?post=26136"}],"version-history":[{"count":1,"href":"https:\/\/armstrongyregion.com.ar\/diario\/wp-json\/wp\/v2\/posts\/26136\/revisions"}],"predecessor-version":[{"id":26138,"href":"https:\/\/armstrongyregion.com.ar\/diario\/wp-json\/wp\/v2\/posts\/26136\/revisions\/26138"}],"wp:featuredmedia":[{"embeddable":true,"href":"https:\/\/armstrongyregion.com.ar\/diario\/wp-json\/wp\/v2\/media\/26137"}],"wp:attachment":[{"href":"https:\/\/armstrongyregion.com.ar\/diario\/wp-json\/wp\/v2\/media?parent=26136"}],"wp:term":[{"taxonomy":"category","embeddable":true,"href":"https:\/\/armstrongyregion.com.ar\/diario\/wp-json\/wp\/v2\/categories?post=26136"},{"taxonomy":"post_tag","embeddable":true,"href":"https:\/\/armstrongyregion.com.ar\/diario\/wp-json\/wp\/v2\/tags?post=26136"}],"curies":[{"name":"wp","href":"https:\/\/api.w.org\/{rel}","templated":true}]}}