{"id":26124,"date":"2020-06-19T14:07:26","date_gmt":"2020-06-19T14:07:26","guid":{"rendered":"https:\/\/armstrongyregion.com.ar\/diario\/?p=26124"},"modified":"2020-06-19T14:07:29","modified_gmt":"2020-06-19T14:07:29","slug":"media-sancion-del-senado-de-santa-fe-a-la-paridad-de-genero","status":"publish","type":"post","link":"https:\/\/armstrongyregion.com.ar\/diario\/media-sancion-del-senado-de-santa-fe-a-la-paridad-de-genero\/","title":{"rendered":"Media sanci\u00f3n del Senado de Santa Fe a la paridad de g\u00e9nero."},"content":{"rendered":"\n<figure class=\"wp-block-image size-large\"><img loading=\"lazy\" decoding=\"async\" width=\"640\" height=\"427\" src=\"http:\/\/armstrongyregion.com.ar\/diario\/wp-content\/uploads\/2020\/06\/Senador.Rassetto.jpg\" alt=\"\" class=\"wp-image-26125\" srcset=\"https:\/\/armstrongyregion.com.ar\/diario\/wp-content\/uploads\/2020\/06\/Senador.Rassetto.jpg 640w, https:\/\/armstrongyregion.com.ar\/diario\/wp-content\/uploads\/2020\/06\/Senador.Rassetto-300x200.jpg 300w\" sizes=\"auto, (max-width: 640px) 100vw, 640px\" \/><\/figure>\n\n\n\n<p>\nEl\nSenado de la provincia Santa Fe le dio media sanci\u00f3n a la ley de\nParidad de G\u00e9nero en la composici\u00f3n e integraci\u00f3n de los tres\npoderes del Estado, partidos pol\u00edticos, asociaciones, consejos y\ncolegios profesionales.<\/p>\n\n\n\n<p>\nSobre\nel proyecto, que fue votado por unanimidad, el Senador por Iriondo\nHugo Rasetto indic\u00f3 que \u201cen el tiempo actual la cultura humana\nest\u00e1 siendo permeada por tres valores, el tecnologismo el\nmedioambientalismo y el feminismo, quien no comprenda eso no\ncomprende por donde va la humanidad. Adecuar la legislaci\u00f3n es\nadecuar las leyes a la realidad y mas en una caja de resonancia como\nes el Senado donde esta representado todo el territorio de la\nprovincia.\u201d <br>\nAdem\u00e1s, el Senador hizo referencia a Julieta\nLanteri, \u201cuna de las primeras feministas de este pa\u00eds. Nacida en\n1873 logr\u00f3 ser la primera mujer en votar en 1911; estudi\u00f3 medicina\nen una \u00e9poca donde estaba vedado para las mujeres, siendo la quinta\nm\u00e9dica recibida, organiz\u00f3 junto a otras mujeres el Congreso\nInternacional Femenino en Argentina en 1910 y fue fundadora del\nPartido Feminista Nacional; con esto quiero decir que la pelea de la\nmujer no es algo nuevo, es una lucha que lleva mas de 100 a\u00f1os y hoy\nda un nuevo paso.\u201d<\/p>\n\n\n\n<p>\nEn\nsu art\u00edculo tercero, el proyecto se\u00f1ala que la paridad de g\u00e9nero\nse aplicar\u00e1 en elecciones generales de cargos p\u00fablicos electivos\npara la postulaci\u00f3n de listas de precandidatos\/as y candidatos\/os a\ndiputados\/as provinciales, concejales\/as municipales, miembros de\nComisiones Comunales y listas de candidatos\/as a convencionales\nconstituyentes, precandidatos\/as a senadores provinciales,\ndesignaci\u00f3n de ministros\/as y secretarios\/as de Estado. Adem\u00e1s,\npromueve la paridad en el Poder Judicial y el Consejo de la\nMagistratura, en la constituci\u00f3n y organizaci\u00f3n de Partidos\nPol\u00edticos, y consejos, colegios y asociaciones profesionales. \n<\/p>\n\n\n\n<p>\nLa\nnorma tambi\u00e9n aplicar\u00e1 para la integraci\u00f3n de cargos seg\u00fan leyes\norg\u00e1nicas o estatutos para el sector p\u00fablico provincial no\nfinanciero para empresas, sociedades y otros entes p\u00fablicos, bajo la\nforma de empresas p\u00fablicas, sociedades an\u00f3nimas con participaci\u00f3n\nestatal mayoritaria, sociedades an\u00f3nimas del Estado, sociedades de\neconom\u00eda mixta, sociedades del Estado, entes interestatales e\ninterjuridisccionales u otros entes estatales.<\/p>\n","protected":false},"excerpt":{"rendered":"<p>El Senado de la provincia Santa Fe le dio media sanci\u00f3n a la ley de Paridad de G\u00e9nero en la composici\u00f3n e integraci\u00f3n de los tres poderes del Estado, partidos pol\u00edticos, asociaciones, consejos y colegios profesionales. Sobre el proyecto, que fue votado por unanimidad, el Senador por Iriondo Hugo Rasetto indic\u00f3 que \u201cen el tiempo <a href=\"https:\/\/armstrongyregion.com.ar\/diario\/media-sancion-del-senado-de-santa-fe-a-la-paridad-de-genero\/\" title=\"Read more\" >&#8230;<\/a><\/p>\n","protected":false},"author":1,"featured_media":26125,"comment_status":"open","ping_status":"open","sticky":false,"template":"","format":"image","meta":{"_jetpack_memberships_contains_paid_content":false,"footnotes":"","jetpack_publicize_message":"","jetpack_publicize_feature_enabled":true,"jetpack_social_post_already_shared":true,"jetpack_social_options":{"image_generator_settings":{"template":"highway","default_image_id":0,"enabled":false},"version":2}},"categories":[8,1,7,3],"tags":[],"class_list":["post-26124","post","type-post","status-publish","format-image","has-post-thumbnail","hentry","category-deliberando","category-diario-armstrong","category-politica","category-region","post_format-post-format-image"],"jetpack_publicize_connections":[],"jetpack_featured_media_url":"https:\/\/armstrongyregion.com.ar\/diario\/wp-content\/uploads\/2020\/06\/Senador.Rassetto.jpg","jetpack_shortlink":"https:\/\/wp.me\/p62QDO-6Nm","jetpack_sharing_enabled":true,"amp_enabled":true,"_links":{"self":[{"href":"https:\/\/armstrongyregion.com.ar\/diario\/wp-json\/wp\/v2\/posts\/26124","targetHints":{"allow":["GET"]}}],"collection":[{"href":"https:\/\/armstrongyregion.com.ar\/diario\/wp-json\/wp\/v2\/posts"}],"about":[{"href":"https:\/\/armstrongyregion.com.ar\/diario\/wp-json\/wp\/v2\/types\/post"}],"author":[{"embeddable":true,"href":"https:\/\/armstrongyregion.com.ar\/diario\/wp-json\/wp\/v2\/users\/1"}],"replies":[{"embeddable":true,"href":"https:\/\/armstrongyregion.com.ar\/diario\/wp-json\/wp\/v2\/comments?post=26124"}],"version-history":[{"count":1,"href":"https:\/\/armstrongyregion.com.ar\/diario\/wp-json\/wp\/v2\/posts\/26124\/revisions"}],"predecessor-version":[{"id":26126,"href":"https:\/\/armstrongyregion.com.ar\/diario\/wp-json\/wp\/v2\/posts\/26124\/revisions\/26126"}],"wp:featuredmedia":[{"embeddable":true,"href":"https:\/\/armstrongyregion.com.ar\/diario\/wp-json\/wp\/v2\/media\/26125"}],"wp:attachment":[{"href":"https:\/\/armstrongyregion.com.ar\/diario\/wp-json\/wp\/v2\/media?parent=26124"}],"wp:term":[{"taxonomy":"category","embeddable":true,"href":"https:\/\/armstrongyregion.com.ar\/diario\/wp-json\/wp\/v2\/categories?post=26124"},{"taxonomy":"post_tag","embeddable":true,"href":"https:\/\/armstrongyregion.com.ar\/diario\/wp-json\/wp\/v2\/tags?post=26124"}],"curies":[{"name":"wp","href":"https:\/\/api.w.org\/{rel}","templated":true}]}}