{"id":26086,"date":"2020-06-16T23:35:09","date_gmt":"2020-06-16T23:35:09","guid":{"rendered":"https:\/\/armstrongyregion.com.ar\/diario\/?p=26086"},"modified":"2020-06-16T23:35:13","modified_gmt":"2020-06-16T23:35:13","slug":"armstrong-orden-del-dia-16-de-junio-2020","status":"publish","type":"post","link":"https:\/\/armstrongyregion.com.ar\/diario\/armstrong-orden-del-dia-16-de-junio-2020\/","title":{"rendered":"Armstrong. Orden del D\u00eda 16 de Junio 2020"},"content":{"rendered":"\n<figure class=\"wp-block-image size-large\"><img loading=\"lazy\" decoding=\"async\" width=\"480\" height=\"360\" src=\"http:\/\/armstrongyregion.com.ar\/diario\/wp-content\/uploads\/2020\/06\/concejo-1-1.jpg\" alt=\"\" class=\"wp-image-26087\" srcset=\"https:\/\/armstrongyregion.com.ar\/diario\/wp-content\/uploads\/2020\/06\/concejo-1-1.jpg 480w, https:\/\/armstrongyregion.com.ar\/diario\/wp-content\/uploads\/2020\/06\/concejo-1-1-300x225.jpg 300w\" sizes=\"auto, (max-width: 480px) 100vw, 480px\" \/><\/figure>\n\n\n\n<p>\n1-\n ACTAS  SESIONES  N\u00ba\n1025 Y 060<\/p>\n\n\n\n<p>2-\n MENSAJES DEL D.E.:<\/p>\n\n\n\n<p>     A-\nRESPUESTA A M.C. N\u00ba 3082: PLAN DE PODA DE ARBOLADO P\u00daBLICO.<\/p>\n\n\n\n<p>     B-\nRESPUESTA A M.C. N\u00ba 3083: TENENCIA RESPONSABLE DE MASCOTAS.<\/p>\n\n\n\n<p>     C-\nPROYECTO DE ORDENANZA: DONACI\u00d3N DE FRACCIONES DE TERRENO DE LA SRA.\nANA MAR\u00cdA DEL CARMEN TAMBORINI.<\/p>\n\n\n\n<p>3-\n CORRESPONDENCIA:<\/p>\n\n\n\n<p>      A-\nPROPIETARIOS DE SALONES DE EVENTOS: SOLICITAN HABILITACI\u00d3N DE LOS\nMISMOS CON LOS PROTOCOLOS CORRESPONDIENTES.<\/p>\n\n\n\n<p>4-\n DICTAMENES DE\nCOMISIONES:   \n<\/p>\n\n\n\n<p>5-\n PROYECTOS DE\nCONCEJALES:<\/p>\n\n\n\n<p>    A-\nBLOQUE DE FRENTE\nPROGRESISTA, C\u00cdVICO Y SOCIAL:\n\n<\/p>\n\n\n\n<p>       1-\nM.C.: INFORME SOBRE CONTROLES REALIZADOS EN LOS INGRESOS A LA CIUDAD.<\/p>\n\n\n\n<p>    B-\nBLOQUE DE RENOVACI\u00d3N\nPOR ARMSTRONG: \n<\/p>\n\n\n\n<p>       2-\n M.C.: SE\u00d1ALIZACI\u00d3N DE LA OBRA DE CORD\u00d3N CUNETA EN CALLE LA PLATA.<\/p>\n\n\n\n<p>   C-\nBLOQUE\nJUSTICIALISTA: \n<\/p>\n\n\n\n<p>       3-\nM.C.: CUMPLIMIENTO DEL PROGRAMA INTEGRAL DE MANTENIMIENTO DE CALLES\nPAVIMENTADAS.<\/p>\n\n\n\n<p>   D-\nCONCEJO:\n\n<\/p>\n\n\n\n<p>       4-\n M.D.: D\u00cdA DE LA BANDERA NACIONAL.<\/p>\n\n\n\n<p>        INICIO\nA LAS 17:00 HORAS. \n<\/p>\n\n\n\n<p>16\nDE  JUNIO DE 2020.<\/p>\n\n\n\n<p><strong>ORDEN\n   DEL   DIA   SESI\u00d3N  EXTRAORDINARIA<\/strong><\/p>\n\n\n\n<p>1-\n DEPARTAMENTO\nEJECUTIVO:\n<\/p>\n\n\n\n<p>       A<strong>&#8211;\n<\/strong>DECRETO N\u00ba\n024\/2020: ADHESI\u00d3N A NUEVOS DECRETOS DE NECESIDAD Y URGENCIA\nPROVINCIALES.<\/p>\n\n\n\n<p>       B<strong>&#8211;\n<\/strong>DECRETO N\u00ba\n025\/2020: ADHESI\u00d3N A NUEVOS DECRETOS DE NECESIDAD Y URGENCIA\nPROVINCIALES.<\/p>\n\n\n\n<p>        INICIO\nA LAS 17:30 HORAS. \n<\/p>\n","protected":false},"excerpt":{"rendered":"<p>1- ACTAS SESIONES N\u00ba 1025 Y 060 2- MENSAJES DEL D.E.: A- RESPUESTA A M.C. N\u00ba 3082: PLAN DE PODA DE ARBOLADO P\u00daBLICO. B- RESPUESTA A M.C. N\u00ba 3083: TENENCIA RESPONSABLE DE MASCOTAS. C- PROYECTO DE ORDENANZA: DONACI\u00d3N DE FRACCIONES DE TERRENO DE LA SRA. ANA MAR\u00cdA DEL CARMEN TAMBORINI. 3- CORRESPONDENCIA: A- PROPIETARIOS DE <a href=\"https:\/\/armstrongyregion.com.ar\/diario\/armstrong-orden-del-dia-16-de-junio-2020\/\" title=\"Read more\" >&#8230;<\/a><\/p>\n","protected":false},"author":1,"featured_media":26087,"comment_status":"open","ping_status":"open","sticky":false,"template":"","format":"image","meta":{"_jetpack_memberships_contains_paid_content":false,"footnotes":"","jetpack_publicize_message":"","jetpack_publicize_feature_enabled":true,"jetpack_social_post_already_shared":true,"jetpack_social_options":{"image_generator_settings":{"template":"highway","default_image_id":0,"enabled":false},"version":2}},"categories":[8,1,2,7],"tags":[],"class_list":["post-26086","post","type-post","status-publish","format-image","has-post-thumbnail","hentry","category-deliberando","category-diario-armstrong","category-locales","category-politica","post_format-post-format-image"],"jetpack_publicize_connections":[],"jetpack_featured_media_url":"https:\/\/armstrongyregion.com.ar\/diario\/wp-content\/uploads\/2020\/06\/concejo-1-1.jpg","jetpack_shortlink":"https:\/\/wp.me\/p62QDO-6MK","jetpack_sharing_enabled":true,"amp_enabled":true,"_links":{"self":[{"href":"https:\/\/armstrongyregion.com.ar\/diario\/wp-json\/wp\/v2\/posts\/26086","targetHints":{"allow":["GET"]}}],"collection":[{"href":"https:\/\/armstrongyregion.com.ar\/diario\/wp-json\/wp\/v2\/posts"}],"about":[{"href":"https:\/\/armstrongyregion.com.ar\/diario\/wp-json\/wp\/v2\/types\/post"}],"author":[{"embeddable":true,"href":"https:\/\/armstrongyregion.com.ar\/diario\/wp-json\/wp\/v2\/users\/1"}],"replies":[{"embeddable":true,"href":"https:\/\/armstrongyregion.com.ar\/diario\/wp-json\/wp\/v2\/comments?post=26086"}],"version-history":[{"count":1,"href":"https:\/\/armstrongyregion.com.ar\/diario\/wp-json\/wp\/v2\/posts\/26086\/revisions"}],"predecessor-version":[{"id":26088,"href":"https:\/\/armstrongyregion.com.ar\/diario\/wp-json\/wp\/v2\/posts\/26086\/revisions\/26088"}],"wp:featuredmedia":[{"embeddable":true,"href":"https:\/\/armstrongyregion.com.ar\/diario\/wp-json\/wp\/v2\/media\/26087"}],"wp:attachment":[{"href":"https:\/\/armstrongyregion.com.ar\/diario\/wp-json\/wp\/v2\/media?parent=26086"}],"wp:term":[{"taxonomy":"category","embeddable":true,"href":"https:\/\/armstrongyregion.com.ar\/diario\/wp-json\/wp\/v2\/categories?post=26086"},{"taxonomy":"post_tag","embeddable":true,"href":"https:\/\/armstrongyregion.com.ar\/diario\/wp-json\/wp\/v2\/tags?post=26086"}],"curies":[{"name":"wp","href":"https:\/\/api.w.org\/{rel}","templated":true}]}}