{"id":26083,"date":"2020-06-16T01:44:48","date_gmt":"2020-06-16T01:44:48","guid":{"rendered":"https:\/\/armstrongyregion.com.ar\/diario\/?p=26083"},"modified":"2020-06-16T01:44:51","modified_gmt":"2020-06-16T01:44:51","slug":"la-provincia-conmemoro-el-dia-de-toma-de-conciencia-contra-el-abuso-y-el-maltrato-en-la-vejez","status":"publish","type":"post","link":"https:\/\/armstrongyregion.com.ar\/diario\/la-provincia-conmemoro-el-dia-de-toma-de-conciencia-contra-el-abuso-y-el-maltrato-en-la-vejez\/","title":{"rendered":"La provincia conmemor\u00f3 el D\u00eda de toma de conciencia contra el abuso y el maltrato en la vejez"},"content":{"rendered":"\n<figure class=\"wp-block-image size-large\"><img loading=\"lazy\" decoding=\"async\" width=\"570\" height=\"320\" src=\"http:\/\/armstrongyregion.com.ar\/diario\/wp-content\/uploads\/2020\/06\/15-de-junio-.jpg\" alt=\"\" class=\"wp-image-26084\" srcset=\"https:\/\/armstrongyregion.com.ar\/diario\/wp-content\/uploads\/2020\/06\/15-de-junio-.jpg 570w, https:\/\/armstrongyregion.com.ar\/diario\/wp-content\/uploads\/2020\/06\/15-de-junio--300x168.jpg 300w\" sizes=\"auto, (max-width: 570px) 100vw, 570px\" \/><\/figure>\n\n\n\n<h2 class=\"wp-block-heading\"> La fecha se conmemora cada 15 de junio dispuesta por la ONU. Profesionales especialistas en geriatr\u00eda y gerontolog\u00eda, junto a autoridades de Salud y Desarrollo Social abordaron la tem\u00e1tica. <\/h2>\n\n\n\n<p>\n\nCon motivo de conmemorarse este 15 de junio el \u201cD\u00eda mundial de toma de conciencia contra el abuso y el maltrato en la vejez\u201d declarado por la Asamblea General de la Organizaci\u00f3n de las Naciones Unidas (ONU), autoridades del Ministerio de Salud y Desarrollo Social de la provincia llevaron adelante un abordaje integral de las problem\u00e1ticas comunes, especialmente en este contexto de pandemia.<\/p>\n\n\n\n<p>El secretario de Salud adjunto, Jorge Prieto, moder\u00f3 un panel con profesionales en geriatr\u00eda y gerontolog\u00eda, de la que participaron por videoconferencia integrantes de las residencias de adultos mayores que dependen de la provincia.&nbsp; Prieto consider\u00f3 importante \u201cllevar un mensaje de concientizaci\u00f3n en este d\u00eda tan especial de quienes tienen la experiencia de haber trabajado junto al adulto mayor\u201d. El secretario de Salud Adjunto estuvo acompa\u00f1ado por la directora provincial de Adultos Mayores, Lucia Billoud, junto con profesionales y geront\u00f3logos expertos en el tema.<\/p>\n\n\n\n<p>Billoud recomend\u00f3 que para erradicar el maltrato en las personas mayores \u201cla primer medida es dejar de diseminar una representaci\u00f3n social de que se tiene una \u00fanica forma de vejez en la vida. Hay mucha diversidad en la vejez: diversidad de clase, de g\u00e9nero, de identidad cultural, etc. Por eso es muy importante que comprendamos que llamar a las personas por su propio nombre es muy importante y dejar de utilizar adjetivos estereot\u00edpicos como abuelos, viejitos, jubilados, donde no hacemos m\u00e1s que seguir reproduciendo nuestras actitudes viejistas. Es importante brindar las herramientas indispensables para promover el empoderamiento, darles voz y capacidad de acci\u00f3n a las personas, y con el tiempo vamos a ver que si promovemos el buen trato y la no discriminaci\u00f3n en las personas mayores, vamos a poder vivir en una sociedad para todas las edades con una mirada integral y de desarrollo social y humano de las personas\u201d.<\/p>\n\n\n\n<p>A su turno, el doctor Enrique Arrieta, geront\u00f3logo y geriatra, afirm\u00f3 que a nuestros adultos mayores \u201cdebemos acompa\u00f1arlos hacia un horizonte de benepl\u00e1citos, hacia el bienestar, mejorando su calidad de vida, con una inclusi\u00f3n activa y movilidad social\u201d. Y agreg\u00f3: \u201cCuando nosotros decimos \u201canciano\u201d quiere decir \u201cantes\u201d. Antes de m\u00ed estuvo mi padre, antes de mi padre estuvo mi abuelo y mi bis abuelo, entonces anciano tambi\u00e9n nos reporta a experiencia, a ser un sabio. Pero cuando le ponemos una carga y le decimos \u201cviejo\u201d parece que est\u00e1 abusado, que es d\u00e9bil, que es una carga llevar un viejo a cuestas, que es in\u00fatil, que es sa\u00f1oso, que es un enfermo. Entonces depende de c\u00f3mo se haya desgastado la palabra y c\u00f3mo queremos nosotros poner la carga sobre ella. En realidad, yo creo que son un bloque social, que son un lenguaje y que son un idioma de la especie humana\u201d.<\/p>\n\n\n\n<p>Por su parte, la psic\u00f3loga Daniela Tanoni, consider\u00f3 que en este tiempo de aislamiento social, \u201ces fundamental tambi\u00e9n que las personas mayores, como todas las personas, no se queden solas. En este tiempo ha habido muchas personas mayores que desde la distancia han acompa\u00f1ado a sus familias, han contenido, han propuesto juegos y actividades, han conversado con otros familiares porque a todos, quien m\u00e1s quien menos, en este momento hubo momentos dif\u00edciles y nos queda todav\u00eda por seguir andando\u201d.<\/p>\n\n\n\n<p>Por \u00faltimo, la licenciada en psicolog\u00eda y trabajadora social de la Direcci\u00f3n Provincial de Adultos Mayores, Victoria L\u00f3pez, remarc\u00f3 que la provincia es una de las m\u00e1s envejecidas en el pa\u00eds. \u201cSomos una de las tres provincias con m\u00e1s alto \u00edndice de envejecimiento. Es por ello que venimos trabajando hace muchos a\u00f1os poniendo al adulto mayor como foco de trabajo, no como mero objeto sino como un sujeto de derecho, trabajando con los adultos mayores desde el lugar del empoderamiento y el derecho. Tenemos que referenciar que en la provincia de Santa Fe las pol\u00edticas p\u00fablicas deben trabajarse constantemente\u201d.<br><\/p>\n","protected":false},"excerpt":{"rendered":"<p>La fecha se conmemora cada 15 de junio dispuesta por la ONU. Profesionales especialistas en geriatr\u00eda y gerontolog\u00eda, junto a autoridades de Salud y Desarrollo Social abordaron la tem\u00e1tica. Con motivo de conmemorarse este 15 de junio el \u201cD\u00eda mundial de toma de conciencia contra el abuso y el maltrato en la vejez\u201d declarado por <a href=\"https:\/\/armstrongyregion.com.ar\/diario\/la-provincia-conmemoro-el-dia-de-toma-de-conciencia-contra-el-abuso-y-el-maltrato-en-la-vejez\/\" title=\"Read more\" >&#8230;<\/a><\/p>\n","protected":false},"author":1,"featured_media":26084,"comment_status":"open","ping_status":"open","sticky":false,"template":"","format":"image","meta":{"_jetpack_memberships_contains_paid_content":false,"footnotes":"","jetpack_publicize_message":"","jetpack_publicize_feature_enabled":true,"jetpack_social_post_already_shared":true,"jetpack_social_options":{"image_generator_settings":{"template":"highway","default_image_id":0,"enabled":false},"version":2}},"categories":[8,1,2,7,4,3],"tags":[],"class_list":["post-26083","post","type-post","status-publish","format-image","has-post-thumbnail","hentry","category-deliberando","category-diario-armstrong","category-locales","category-politica","category-prevencion-salud","category-region","post_format-post-format-image"],"jetpack_publicize_connections":[],"jetpack_featured_media_url":"https:\/\/armstrongyregion.com.ar\/diario\/wp-content\/uploads\/2020\/06\/15-de-junio-.jpg","jetpack_shortlink":"https:\/\/wp.me\/p62QDO-6MH","jetpack_sharing_enabled":true,"amp_enabled":true,"_links":{"self":[{"href":"https:\/\/armstrongyregion.com.ar\/diario\/wp-json\/wp\/v2\/posts\/26083","targetHints":{"allow":["GET"]}}],"collection":[{"href":"https:\/\/armstrongyregion.com.ar\/diario\/wp-json\/wp\/v2\/posts"}],"about":[{"href":"https:\/\/armstrongyregion.com.ar\/diario\/wp-json\/wp\/v2\/types\/post"}],"author":[{"embeddable":true,"href":"https:\/\/armstrongyregion.com.ar\/diario\/wp-json\/wp\/v2\/users\/1"}],"replies":[{"embeddable":true,"href":"https:\/\/armstrongyregion.com.ar\/diario\/wp-json\/wp\/v2\/comments?post=26083"}],"version-history":[{"count":1,"href":"https:\/\/armstrongyregion.com.ar\/diario\/wp-json\/wp\/v2\/posts\/26083\/revisions"}],"predecessor-version":[{"id":26085,"href":"https:\/\/armstrongyregion.com.ar\/diario\/wp-json\/wp\/v2\/posts\/26083\/revisions\/26085"}],"wp:featuredmedia":[{"embeddable":true,"href":"https:\/\/armstrongyregion.com.ar\/diario\/wp-json\/wp\/v2\/media\/26084"}],"wp:attachment":[{"href":"https:\/\/armstrongyregion.com.ar\/diario\/wp-json\/wp\/v2\/media?parent=26083"}],"wp:term":[{"taxonomy":"category","embeddable":true,"href":"https:\/\/armstrongyregion.com.ar\/diario\/wp-json\/wp\/v2\/categories?post=26083"},{"taxonomy":"post_tag","embeddable":true,"href":"https:\/\/armstrongyregion.com.ar\/diario\/wp-json\/wp\/v2\/tags?post=26083"}],"curies":[{"name":"wp","href":"https:\/\/api.w.org\/{rel}","templated":true}]}}