{"id":26070,"date":"2020-06-15T13:49:03","date_gmt":"2020-06-15T13:49:03","guid":{"rendered":"https:\/\/armstrongyregion.com.ar\/diario\/?p=26070"},"modified":"2020-06-15T13:49:07","modified_gmt":"2020-06-15T13:49:07","slug":"agroactiva-es-la-primera-muestra-que-ofrece-la-participacion-simultanea-presencial-y-virtual","status":"publish","type":"post","link":"https:\/\/armstrongyregion.com.ar\/diario\/agroactiva-es-la-primera-muestra-que-ofrece-la-participacion-simultanea-presencial-y-virtual\/","title":{"rendered":"AgroActiva es la primera muestra que ofrece la participaci\u00f3n simultanea: Presencial y Virtual."},"content":{"rendered":"\n<figure class=\"wp-block-image size-large\"><img loading=\"lazy\" decoding=\"async\" width=\"1536\" height=\"864\" src=\"https:\/\/i1.wp.com\/armstrongyregion.com.ar\/diario\/wp-content\/uploads\/2020\/06\/simul-01-1536x864-1.jpg?fit=800%2C450&amp;ssl=1\" alt=\"\" class=\"wp-image-26071\" srcset=\"https:\/\/armstrongyregion.com.ar\/diario\/wp-content\/uploads\/2020\/06\/simul-01-1536x864-1.jpg 1536w, https:\/\/armstrongyregion.com.ar\/diario\/wp-content\/uploads\/2020\/06\/simul-01-1536x864-1-300x169.jpg 300w, https:\/\/armstrongyregion.com.ar\/diario\/wp-content\/uploads\/2020\/06\/simul-01-1536x864-1-1024x576.jpg 1024w, https:\/\/armstrongyregion.com.ar\/diario\/wp-content\/uploads\/2020\/06\/simul-01-1536x864-1-768x432.jpg 768w\" sizes=\"auto, (max-width: 1536px) 100vw, 1536px\" \/><\/figure>\n\n\n\n<p><em>La exposici\u00f3n que se llevar\u00e1 a cabo en el predio de Armstrong, del 28 al 31 de octubre, tendr\u00e1 su versi\u00f3n on line en el mismo momento en que se desarrolle la feria a campo. La herramienta ser\u00e1 un canal m\u00e1s de promoci\u00f3n para centenares de expositores.<\/em><\/p>\n\n\n\n<p>La pandemia declarada por el COVID19, con la posterior decisi\u00f3n de aislamiento por parte de los distintos gobiernos del mundo, oblig\u00f3 a todas las actividades a cambiar, a reformularse, a replantearse, reorganizarse y adaptarse a la \u201cnueva normalidad\u201d. Las exposiciones en general y AgroActiva en particular no fueron la excepci\u00f3n. Pero la impronta de AgroActiva, que es la impronta del campo, apunta a la innovaci\u00f3n, la vanguardia y a convertir las crisis en oportunidades. En este contexto es que ser\u00e1 la primera muestra en ofrecer la doble canalidad de participaci\u00f3n.<\/p>\n\n\n\n<p>En la edici\u00f3n 2020 de la feria los expositores y el p\u00fablico podr\u00e1n participar en simult\u00e1neo de la muestra presencial, en el predio de Armstrong, y la expo virtual. Ambas ser\u00e1n del 28 al 31 de octubre y la virtual continuar\u00e1 unos 30 d\u00edas m\u00e1s on line.<\/p>\n\n\n\n<p>La nueva expo virtual, que es una versi\u00f3n renovada y moderna de la que AgroActiva cuenta hace 6 a\u00f1os, ser\u00e1 una herramienta din\u00e1mica, pr\u00e1ctica y \u00fatil tiene como objetivo colaborar en la difusi\u00f3n, la promoci\u00f3n y las ventas de los expositores en un a\u00f1o que necesitar\u00e1 ponerse en marcha nuevamente. La plataforma, que adem\u00e1s de las diferencias de dise\u00f1o y funcionalidad con la de a\u00f1os anteriores ser\u00e1 por primera vez en simult\u00e1neo, llega como complemento para que las empresas que forman parte de AgroActiva en el campo de Armstrong puedan, sin costo adicional, llegar a una mayor cantidad de potenciales clientes.<\/p>\n\n\n\n<p>Cada a\u00f1o miles de visitantes del exterior visitan la feria pero seguramente para la edici\u00f3n 2020 ser\u00e1 m\u00e1s complicada la llegada al pa\u00eds desde otras latitudes. Sin embargo, la expo virtual se presenta como una posibilidad para que un gran n\u00famero de personan en todo el planeta acceda a los stands de los expositores, consulte los productos, e interact\u00fae de manera directa.<\/p>\n\n\n\n<p>Entre las prestaciones que la herramienta ofrecer\u00e1 se destaca una navegabilidad \u00e1gil y sencilla, la posibilidad de acceder a cada stand de los expositores, consultar productos y ofertas, pedir presupuestos, chatear de manera directa y en vivo, programar reuniones para el encuentro en la muestra presencial (esta acci\u00f3n estar\u00e1 activa unos 15 d\u00edas antes de la muestra), asistir a charlas y presentaciones.<\/p>\n\n\n\n<p>Una vez m\u00e1s AgroActiva se destaca por el valor agregado para sus clientes, por las posibilidades de encuentro entre la oferta y la demanda (cara a cara y virtual) y por ser la muestra que el campo espera cada a\u00f1o.<\/p>\n","protected":false},"excerpt":{"rendered":"<p>La exposici\u00f3n que se llevar\u00e1 a cabo en el predio de Armstrong, del 28 al 31 de octubre, tendr\u00e1 su versi\u00f3n on line en el mismo momento en que se desarrolle la feria a campo. La herramienta ser\u00e1 un canal m\u00e1s de promoci\u00f3n para centenares de expositores. La pandemia declarada por el COVID19, con la <a href=\"https:\/\/armstrongyregion.com.ar\/diario\/agroactiva-es-la-primera-muestra-que-ofrece-la-participacion-simultanea-presencial-y-virtual\/\" title=\"Read more\" >&#8230;<\/a><\/p>\n","protected":false},"author":1,"featured_media":26071,"comment_status":"open","ping_status":"open","sticky":false,"template":"","format":"image","meta":{"_jetpack_memberships_contains_paid_content":false,"footnotes":"","jetpack_publicize_message":"","jetpack_publicize_feature_enabled":true,"jetpack_social_post_already_shared":true,"jetpack_social_options":{"image_generator_settings":{"template":"highway","default_image_id":0,"enabled":false},"version":2}},"categories":[8,1,2,7,3],"tags":[],"class_list":["post-26070","post","type-post","status-publish","format-image","has-post-thumbnail","hentry","category-deliberando","category-diario-armstrong","category-locales","category-politica","category-region","post_format-post-format-image"],"jetpack_publicize_connections":[],"jetpack_featured_media_url":"https:\/\/armstrongyregion.com.ar\/diario\/wp-content\/uploads\/2020\/06\/simul-01-1536x864-1.jpg","jetpack_shortlink":"https:\/\/wp.me\/p62QDO-6Mu","jetpack_sharing_enabled":true,"amp_enabled":true,"_links":{"self":[{"href":"https:\/\/armstrongyregion.com.ar\/diario\/wp-json\/wp\/v2\/posts\/26070","targetHints":{"allow":["GET"]}}],"collection":[{"href":"https:\/\/armstrongyregion.com.ar\/diario\/wp-json\/wp\/v2\/posts"}],"about":[{"href":"https:\/\/armstrongyregion.com.ar\/diario\/wp-json\/wp\/v2\/types\/post"}],"author":[{"embeddable":true,"href":"https:\/\/armstrongyregion.com.ar\/diario\/wp-json\/wp\/v2\/users\/1"}],"replies":[{"embeddable":true,"href":"https:\/\/armstrongyregion.com.ar\/diario\/wp-json\/wp\/v2\/comments?post=26070"}],"version-history":[{"count":1,"href":"https:\/\/armstrongyregion.com.ar\/diario\/wp-json\/wp\/v2\/posts\/26070\/revisions"}],"predecessor-version":[{"id":26072,"href":"https:\/\/armstrongyregion.com.ar\/diario\/wp-json\/wp\/v2\/posts\/26070\/revisions\/26072"}],"wp:featuredmedia":[{"embeddable":true,"href":"https:\/\/armstrongyregion.com.ar\/diario\/wp-json\/wp\/v2\/media\/26071"}],"wp:attachment":[{"href":"https:\/\/armstrongyregion.com.ar\/diario\/wp-json\/wp\/v2\/media?parent=26070"}],"wp:term":[{"taxonomy":"category","embeddable":true,"href":"https:\/\/armstrongyregion.com.ar\/diario\/wp-json\/wp\/v2\/categories?post=26070"},{"taxonomy":"post_tag","embeddable":true,"href":"https:\/\/armstrongyregion.com.ar\/diario\/wp-json\/wp\/v2\/tags?post=26070"}],"curies":[{"name":"wp","href":"https:\/\/api.w.org\/{rel}","templated":true}]}}