{"id":26051,"date":"2020-06-11T23:37:21","date_gmt":"2020-06-11T23:37:21","guid":{"rendered":"https:\/\/armstrongyregion.com.ar\/diario\/?p=26051"},"modified":"2020-06-11T23:37:24","modified_gmt":"2020-06-11T23:37:24","slug":"concejales-radicales-de-la-pcia-de-santa-fe-rechazan-la-intervencion-y-proyecto-de-expropiacion-de-la-firma-vicentin","status":"publish","type":"post","link":"https:\/\/armstrongyregion.com.ar\/diario\/concejales-radicales-de-la-pcia-de-santa-fe-rechazan-la-intervencion-y-proyecto-de-expropiacion-de-la-firma-vicentin\/","title":{"rendered":"Concejales radicales de la Pcia de Santa Fe rechazan la intervenci\u00f3n y proyecto de expropiaci\u00f3n de la Firma Vicent\u00edn."},"content":{"rendered":"\n<figure class=\"wp-block-image size-large\"><img loading=\"lazy\" decoding=\"async\" width=\"404\" height=\"314\" src=\"http:\/\/armstrongyregion.com.ar\/diario\/wp-content\/uploads\/2020\/06\/UCR-concejales.png\" alt=\"\" class=\"wp-image-26052\" srcset=\"https:\/\/armstrongyregion.com.ar\/diario\/wp-content\/uploads\/2020\/06\/UCR-concejales.png 404w, https:\/\/armstrongyregion.com.ar\/diario\/wp-content\/uploads\/2020\/06\/UCR-concejales-300x233.png 300w\" sizes=\"auto, (max-width: 404px) 100vw, 404px\" \/><\/figure>\n\n\n\n<p> Los CONCEJALES RADICALES que representamos bancas en el territorio de la Provincia de Santa Fe, unidos, RECHAZAMOS Y REPUDIAMOS las decisiones del Gobierno Nacional dirigidas a INTERVENIR Y EXPROPIAR a la firma VICENTIN SAIC nacida en la hermana Ciudad de Avellaneda y que hoy ha extendido sus actividades a distintas localidades a lo largo y ancho de esta Provincia VICENTIN SAIC, es una empresa de raigambre familiar, surgida hace mas de 90 a\u00f1os en el interior mas profundo del pa\u00eds, que en su esencia guarda el propio ADN del emprendedor santafesino, que ha progresado a pesar de todas las condiciones adversas que le ha presentado este pa\u00eds. Guardando siempre esa impronta de empresa local, otorgando miles de puestos de trabajo y motorizando la econom\u00eda provincial, ha sabido trascender las fronteras y posicionarse como una de las empresas mas importantes del pa\u00eds y reconocida a nivel mundial como agroexportadora. Hoy, atraviesa una crisis econ\u00f3mica, que tiene su curso en la justicia ordinaria, en la que sus directivos deber\u00e1n rendir cuentas y honrar sus deudas, es por esto que las medidas anunciadas por el Presidente de la Naci\u00f3n, bajo el falso lema de la \u201cSoberan\u00eda Alimentaria\u201d avanzan peligrosamente por sobre la divisi\u00f3n de poderes, atentando contra el sistema Republicano, avasallando las facultades del Juez natural y quit\u00e1ndole nuevamente seguridad jur\u00eddica a nuestra Rep\u00fablica Argentina. INSTAMOS AL GOBERNADOR DE LA PROVINCIA, OMAR PEROTTI, para que represente cabalmente a los ciudadanos del territorio santafesino ante el Gobierno Nacional, buscando y presentando alternativas de soluci\u00f3n al conflicto, que est\u00e9n dirigidas a la protecci\u00f3n de los puestos de trabajo, la continuidad de la empresa, el respeto a la propiedad privada y el cumplimiento de las obligaciones contra\u00eddas por la firma VICENTIN SAIC. SOLICITAMOS tambi\u00e9n a los miembros del CONGRESO DE LA NACION que rechacen este atropello pol\u00edtico, escuchando las voces que se alzaron en las comunidades de Avellaneda y Reconquista, defendiendo al pueblo que representan, y principalmente recuperando los principios REPUBLICANOS DE GOBIERNO, LA GARANTIA DE LA DIVISION DE PODERES y EL RESPETO A LA CONSTITUCION NACIONAL.  <\/p>\n","protected":false},"excerpt":{"rendered":"<p>Los CONCEJALES RADICALES que representamos bancas en el territorio de la Provincia de Santa Fe, unidos, RECHAZAMOS Y REPUDIAMOS las decisiones del Gobierno Nacional dirigidas a INTERVENIR Y EXPROPIAR a la firma VICENTIN SAIC nacida en la hermana Ciudad de Avellaneda y que hoy ha extendido sus actividades a distintas localidades a lo largo y <a href=\"https:\/\/armstrongyregion.com.ar\/diario\/concejales-radicales-de-la-pcia-de-santa-fe-rechazan-la-intervencion-y-proyecto-de-expropiacion-de-la-firma-vicentin\/\" title=\"Read more\" >&#8230;<\/a><\/p>\n","protected":false},"author":1,"featured_media":26052,"comment_status":"open","ping_status":"open","sticky":false,"template":"","format":"image","meta":{"_jetpack_memberships_contains_paid_content":false,"footnotes":"","jetpack_publicize_message":"","jetpack_publicize_feature_enabled":true,"jetpack_social_post_already_shared":true,"jetpack_social_options":{"image_generator_settings":{"template":"highway","default_image_id":0,"enabled":false},"version":2}},"categories":[8,1,2,7,3],"tags":[],"class_list":["post-26051","post","type-post","status-publish","format-image","has-post-thumbnail","hentry","category-deliberando","category-diario-armstrong","category-locales","category-politica","category-region","post_format-post-format-image"],"jetpack_publicize_connections":[],"jetpack_featured_media_url":"https:\/\/armstrongyregion.com.ar\/diario\/wp-content\/uploads\/2020\/06\/UCR-concejales.png","jetpack_shortlink":"https:\/\/wp.me\/p62QDO-6Mb","jetpack_sharing_enabled":true,"amp_enabled":true,"_links":{"self":[{"href":"https:\/\/armstrongyregion.com.ar\/diario\/wp-json\/wp\/v2\/posts\/26051","targetHints":{"allow":["GET"]}}],"collection":[{"href":"https:\/\/armstrongyregion.com.ar\/diario\/wp-json\/wp\/v2\/posts"}],"about":[{"href":"https:\/\/armstrongyregion.com.ar\/diario\/wp-json\/wp\/v2\/types\/post"}],"author":[{"embeddable":true,"href":"https:\/\/armstrongyregion.com.ar\/diario\/wp-json\/wp\/v2\/users\/1"}],"replies":[{"embeddable":true,"href":"https:\/\/armstrongyregion.com.ar\/diario\/wp-json\/wp\/v2\/comments?post=26051"}],"version-history":[{"count":1,"href":"https:\/\/armstrongyregion.com.ar\/diario\/wp-json\/wp\/v2\/posts\/26051\/revisions"}],"predecessor-version":[{"id":26053,"href":"https:\/\/armstrongyregion.com.ar\/diario\/wp-json\/wp\/v2\/posts\/26051\/revisions\/26053"}],"wp:featuredmedia":[{"embeddable":true,"href":"https:\/\/armstrongyregion.com.ar\/diario\/wp-json\/wp\/v2\/media\/26052"}],"wp:attachment":[{"href":"https:\/\/armstrongyregion.com.ar\/diario\/wp-json\/wp\/v2\/media?parent=26051"}],"wp:term":[{"taxonomy":"category","embeddable":true,"href":"https:\/\/armstrongyregion.com.ar\/diario\/wp-json\/wp\/v2\/categories?post=26051"},{"taxonomy":"post_tag","embeddable":true,"href":"https:\/\/armstrongyregion.com.ar\/diario\/wp-json\/wp\/v2\/tags?post=26051"}],"curies":[{"name":"wp","href":"https:\/\/api.w.org\/{rel}","templated":true}]}}