{"id":26,"date":"2014-12-18T22:11:19","date_gmt":"2014-12-18T22:11:19","guid":{"rendered":"https:\/\/armstrongyregion.com.ar\/diario\/?p=26"},"modified":"2014-12-18T23:47:03","modified_gmt":"2014-12-18T23:47:03","slug":"el-gobernador-entrego-un-aporte-a-la-biblioteca-popular-de-armstrong","status":"publish","type":"post","link":"https:\/\/armstrongyregion.com.ar\/diario\/el-gobernador-entrego-un-aporte-a-la-biblioteca-popular-de-armstrong\/","title":{"rendered":"El gobernador entreg\u00f3 un aporte a la Biblioteca Popular de Armstrong."},"content":{"rendered":"<p><img loading=\"lazy\" decoding=\"async\" class=\"alignnone size-medium wp-image-27\" src=\"http:\/\/armstrongyregion.com.ar\/diario\/wp-content\/uploads\/2014\/12\/ciudad2-300x187.jpg\" alt=\"bonfatti\" width=\"300\" height=\"187\" srcset=\"https:\/\/armstrongyregion.com.ar\/diario\/wp-content\/uploads\/2014\/12\/ciudad2-300x187.jpg 300w, https:\/\/armstrongyregion.com.ar\/diario\/wp-content\/uploads\/2014\/12\/ciudad2.jpg 479w\" sizes=\"auto, (max-width: 300px) 100vw, 300px\" \/><\/p>\n<p>El gobernador Antonio Bonfatti entreg\u00f3 este martes, en Rosario, un aporte no reintegrable a la Biblioteca Popular de Armstrong, por un monto de 55 mil pesos, destinados a la compra e instalaci\u00f3n de aberturas de aluminio para el establecimiento.<\/p>\n<p>En el encuentro, desarrollado en el despacho del mandatario provincial, la directora de la entidad, Isabel Cismondi recibi\u00f3 el aporte de manos del propio gobernador. Tambi\u00e9n estuvo presente el Subsecretario de Articulaci\u00f3n Territorial, Juan Carlos Valdano.<\/p>\n","protected":false},"excerpt":{"rendered":"<p>El gobernador Antonio Bonfatti entreg\u00f3 este martes, en Rosario, un aporte no reintegrable a la Biblioteca Popular de Armstrong, por un monto de 55 mil pesos, destinados a la compra e instalaci\u00f3n de aberturas de aluminio para el establecimiento. En el encuentro, desarrollado en el despacho del mandatario provincial, la directora de la entidad, Isabel <a href=\"https:\/\/armstrongyregion.com.ar\/diario\/el-gobernador-entrego-un-aporte-a-la-biblioteca-popular-de-armstrong\/\" title=\"Read more\" >&#8230;<\/a><\/p>\n","protected":false},"author":1,"featured_media":27,"comment_status":"open","ping_status":"open","sticky":false,"template":"","format":"standard","meta":{"_jetpack_memberships_contains_paid_content":false,"footnotes":"","jetpack_publicize_message":"","jetpack_publicize_feature_enabled":true,"jetpack_social_post_already_shared":false,"jetpack_social_options":{"image_generator_settings":{"template":"highway","default_image_id":0,"enabled":false},"version":2}},"categories":[1,7],"tags":[],"class_list":["post-26","post","type-post","status-publish","format-standard","has-post-thumbnail","hentry","category-diario-armstrong","category-politica"],"jetpack_publicize_connections":[],"jetpack_featured_media_url":"https:\/\/armstrongyregion.com.ar\/diario\/wp-content\/uploads\/2014\/12\/ciudad2.jpg","jetpack_shortlink":"https:\/\/wp.me\/p62QDO-q","jetpack_sharing_enabled":true,"amp_enabled":true,"_links":{"self":[{"href":"https:\/\/armstrongyregion.com.ar\/diario\/wp-json\/wp\/v2\/posts\/26","targetHints":{"allow":["GET"]}}],"collection":[{"href":"https:\/\/armstrongyregion.com.ar\/diario\/wp-json\/wp\/v2\/posts"}],"about":[{"href":"https:\/\/armstrongyregion.com.ar\/diario\/wp-json\/wp\/v2\/types\/post"}],"author":[{"embeddable":true,"href":"https:\/\/armstrongyregion.com.ar\/diario\/wp-json\/wp\/v2\/users\/1"}],"replies":[{"embeddable":true,"href":"https:\/\/armstrongyregion.com.ar\/diario\/wp-json\/wp\/v2\/comments?post=26"}],"version-history":[{"count":0,"href":"https:\/\/armstrongyregion.com.ar\/diario\/wp-json\/wp\/v2\/posts\/26\/revisions"}],"wp:featuredmedia":[{"embeddable":true,"href":"https:\/\/armstrongyregion.com.ar\/diario\/wp-json\/wp\/v2\/media\/27"}],"wp:attachment":[{"href":"https:\/\/armstrongyregion.com.ar\/diario\/wp-json\/wp\/v2\/media?parent=26"}],"wp:term":[{"taxonomy":"category","embeddable":true,"href":"https:\/\/armstrongyregion.com.ar\/diario\/wp-json\/wp\/v2\/categories?post=26"},{"taxonomy":"post_tag","embeddable":true,"href":"https:\/\/armstrongyregion.com.ar\/diario\/wp-json\/wp\/v2\/tags?post=26"}],"curies":[{"name":"wp","href":"https:\/\/api.w.org\/{rel}","templated":true}]}}