{"id":25986,"date":"2020-06-06T23:56:32","date_gmt":"2020-06-06T23:56:32","guid":{"rendered":"https:\/\/armstrongyregion.com.ar\/diario\/?p=25986"},"modified":"2020-06-06T23:56:35","modified_gmt":"2020-06-06T23:56:35","slug":"murio-por-fiebre-hemorragica-argentina-una-mujer-que-residia-en-roldan","status":"publish","type":"post","link":"https:\/\/armstrongyregion.com.ar\/diario\/murio-por-fiebre-hemorragica-argentina-una-mujer-que-residia-en-roldan\/","title":{"rendered":"Muri\u00f3 por Fiebre Hemorr\u00e1gica Argentina una mujer que resid\u00eda en Rold\u00e1n."},"content":{"rendered":"\n<figure class=\"wp-block-image size-large\"><img loading=\"lazy\" decoding=\"async\" width=\"630\" height=\"354\" src=\"http:\/\/armstrongyregion.com.ar\/diario\/wp-content\/uploads\/2020\/06\/vacuna-2.jpg\" alt=\"\" class=\"wp-image-25987\" srcset=\"https:\/\/armstrongyregion.com.ar\/diario\/wp-content\/uploads\/2020\/06\/vacuna-2.jpg 630w, https:\/\/armstrongyregion.com.ar\/diario\/wp-content\/uploads\/2020\/06\/vacuna-2-300x169.jpg 300w\" sizes=\"auto, (max-width: 630px) 100vw, 630px\" \/><\/figure>\n\n\n\n<h2 class=\"wp-block-heading\"> Falleci\u00f3 hace unos d\u00edas, pero la causa de la muerte fue confirmada oficialmente ahora. Las autoridades aplicaron medidas sanitarias en la zona. <\/h2>\n\n\n\n<p><strong>Una&nbsp;<a href=\"https:\/\/www.lacapital.com.ar\/mujer-a23207\">mujer<\/a>&nbsp;de aproximadamente 50 a\u00f1os<\/strong>&nbsp;que resid\u00eda en barrio Acequias del Aire de&nbsp;<a href=\"https:\/\/www.lacapital.com.ar\/roldan-a24297\">Rold\u00e1n<\/a>&nbsp;<strong>falleci\u00f3 por Fiebre Hemorr\u00e1gica Argentina<\/strong>&nbsp;el pasado 23 de mayo pero la causa de la muerte reci\u00e9n se pudo confirmar este jueves. Por precauci\u00f3n,&nbsp;<strong>se aplicaron medidas sanitarias en cercan\u00edas de su propiedad y se dio inicio a una campa\u00f1a de vacunaci\u00f3n comunitaria<\/strong>.Previo a saberse que tuvo esa enfermedad, fue atendida en consultorios privados de Rosario y luego estuvo internada en el Hospital Carrasco donde llegaron a hacerle an\u00e1lisis por Covid-19 y desde all\u00ed fue derivada a la terapia intensiva del Hospital Baigorria con sospechas de fiebre hemorr\u00e1gica pero reci\u00e9n este jueves llegaron los resultados positivos que confirmaron el resultado.<\/p>\n\n\n\n<p>La noticia sobre su muerte fue confirmada por la Direcci\u00f3n de Epidemiolog\u00eda del Ministerio de&nbsp;<a href=\"https:\/\/www.lacapital.com.ar\/salud-a22604\">Salud<\/a>&nbsp;provincial y fue comunicada p\u00fablicamente hoy por la Secretar\u00eda de Salud municipal. Desde dicha repartici\u00f3n expresaron las condolencias a la familia y remarcaron que est\u00e1n llevando a cabo medidas de prevenci\u00f3n y bloqueo epidemiol\u00f3gico en la zona.<\/p>\n\n\n\n<p>Los protocolos implementados consisten en la colocaci\u00f3n a los vecinos de la vacuna contra esta enfermedad para prevenir posibles contagios. Hoy, a media ma\u00f1ana, personal del Samco local y de la Secretar\u00eda de Salud aplicaron unas 30 dosis a las personas que viven m\u00e1s cerca del domicilio de la mujer fallecida. El director del Hospital, Mart\u00edn Berta, fue quien se ocup\u00f3 de notificarlos de la situaci\u00f3n y ofrecerles la posibilidad de vacunarse en el momento.<\/p>\n\n\n\n<p>Berta remarc\u00f3 la importancia de colocarse la vacuna, no solo por las circunstancias que se dieron en el barrio sino tambi\u00e9n porque Rold\u00e1n es considerada zona end\u00e9mica. En esa l\u00ednea coment\u00f3 a La Capital que se encontraron con que muchos ya se la hab\u00edan aplicado \u201caprovechando las campa\u00f1as que vacunaci\u00f3n que hicimos durante las ferias artesanales que se realizaban en ese barrio. La \u00faltima fue en noviembre del a\u00f1o pasado\u201d.<\/p>\n\n\n\n<p>A su vez, destac\u00f3 que en varias de las casas que visitaron no estaban sus propietarios pero estos podr\u00e1n vacunarse a partir del martes pr\u00f3ximo en el centro de salud Beaudrix o en el Hospital N\u00ba 61. En tal sentido, adelant\u00f3 que ya pidieron a la provincia cien dosis de refuerzo y aclar\u00f3 que la colocaci\u00f3n, que es gratuita, est\u00e1 disponible para toda la comunidad teniendo como \u00fanico requisito ser mayor de 15 a\u00f1os y menor de 65.<\/p>\n\n\n\n<p>Por su parte, el municipio solicit\u00f3 a los propietarios de lotes que tomen medidas de higiene realizando limpieza y desmalezado ya que el vector que la transmite, es un peque\u00f1o roedor que desparrama el virus a trav\u00e9s de su saliva, orina, sangre y heces. En tanto, el contagio al humano se produce a trav\u00e9s del contacto con la piel y mucosas o por inhalaci\u00f3n de part\u00edculas que portan el virus.<\/p>\n\n\n\n<p> Asimismo, la vecinal del barrio alert\u00f3 de la situaci\u00f3n a trav\u00e9s de sus grupos de whatsapp y pidi\u00f3 que mantengan limpios sus terrenos evitando la acumulaci\u00f3n de maderas, escombros y cualquier elemento donde puedan habitar roedores. Tambi\u00e9n exhort\u00f3 para que todos vayan a vacunarse. <\/p>\n\n\n\n<p>www.lacapital.com<\/p>\n","protected":false},"excerpt":{"rendered":"<p>Falleci\u00f3 hace unos d\u00edas, pero la causa de la muerte fue confirmada oficialmente ahora. Las autoridades aplicaron medidas sanitarias en la zona. Una&nbsp;mujer&nbsp;de aproximadamente 50 a\u00f1os&nbsp;que resid\u00eda en barrio Acequias del Aire de&nbsp;Rold\u00e1n&nbsp;falleci\u00f3 por Fiebre Hemorr\u00e1gica Argentina&nbsp;el pasado 23 de mayo pero la causa de la muerte reci\u00e9n se pudo confirmar este jueves. Por precauci\u00f3n,&nbsp;se <a href=\"https:\/\/armstrongyregion.com.ar\/diario\/murio-por-fiebre-hemorragica-argentina-una-mujer-que-residia-en-roldan\/\" title=\"Read more\" >&#8230;<\/a><\/p>\n","protected":false},"author":1,"featured_media":25987,"comment_status":"open","ping_status":"open","sticky":false,"template":"","format":"image","meta":{"_jetpack_memberships_contains_paid_content":false,"footnotes":"","jetpack_publicize_message":"","jetpack_publicize_feature_enabled":true,"jetpack_social_post_already_shared":true,"jetpack_social_options":{"image_generator_settings":{"template":"highway","default_image_id":0,"enabled":false},"version":2}},"categories":[8,1,7,4,3],"tags":[],"class_list":["post-25986","post","type-post","status-publish","format-image","has-post-thumbnail","hentry","category-deliberando","category-diario-armstrong","category-politica","category-prevencion-salud","category-region","post_format-post-format-image"],"jetpack_publicize_connections":[],"jetpack_featured_media_url":"https:\/\/armstrongyregion.com.ar\/diario\/wp-content\/uploads\/2020\/06\/vacuna-2.jpg","jetpack_shortlink":"https:\/\/wp.me\/p62QDO-6L8","jetpack_sharing_enabled":true,"amp_enabled":true,"_links":{"self":[{"href":"https:\/\/armstrongyregion.com.ar\/diario\/wp-json\/wp\/v2\/posts\/25986","targetHints":{"allow":["GET"]}}],"collection":[{"href":"https:\/\/armstrongyregion.com.ar\/diario\/wp-json\/wp\/v2\/posts"}],"about":[{"href":"https:\/\/armstrongyregion.com.ar\/diario\/wp-json\/wp\/v2\/types\/post"}],"author":[{"embeddable":true,"href":"https:\/\/armstrongyregion.com.ar\/diario\/wp-json\/wp\/v2\/users\/1"}],"replies":[{"embeddable":true,"href":"https:\/\/armstrongyregion.com.ar\/diario\/wp-json\/wp\/v2\/comments?post=25986"}],"version-history":[{"count":1,"href":"https:\/\/armstrongyregion.com.ar\/diario\/wp-json\/wp\/v2\/posts\/25986\/revisions"}],"predecessor-version":[{"id":25988,"href":"https:\/\/armstrongyregion.com.ar\/diario\/wp-json\/wp\/v2\/posts\/25986\/revisions\/25988"}],"wp:featuredmedia":[{"embeddable":true,"href":"https:\/\/armstrongyregion.com.ar\/diario\/wp-json\/wp\/v2\/media\/25987"}],"wp:attachment":[{"href":"https:\/\/armstrongyregion.com.ar\/diario\/wp-json\/wp\/v2\/media?parent=25986"}],"wp:term":[{"taxonomy":"category","embeddable":true,"href":"https:\/\/armstrongyregion.com.ar\/diario\/wp-json\/wp\/v2\/categories?post=25986"},{"taxonomy":"post_tag","embeddable":true,"href":"https:\/\/armstrongyregion.com.ar\/diario\/wp-json\/wp\/v2\/tags?post=25986"}],"curies":[{"name":"wp","href":"https:\/\/api.w.org\/{rel}","templated":true}]}}