{"id":25961,"date":"2020-06-05T13:37:22","date_gmt":"2020-06-05T13:37:22","guid":{"rendered":"https:\/\/armstrongyregion.com.ar\/diario\/?p=25961"},"modified":"2020-06-05T13:37:25","modified_gmt":"2020-06-05T13:37:25","slug":"santa-fe-sale-del-aislamiento-y-entra-en-fase-de-distanciamiento-social","status":"publish","type":"post","link":"https:\/\/armstrongyregion.com.ar\/diario\/santa-fe-sale-del-aislamiento-y-entra-en-fase-de-distanciamiento-social\/","title":{"rendered":"Santa Fe sale del aislamiento y entra en fase de distanciamiento social."},"content":{"rendered":"\n<figure class=\"wp-block-image size-large\"><img loading=\"lazy\" decoding=\"async\" width=\"272\" height=\"185\" src=\"http:\/\/armstrongyregion.com.ar\/diario\/wp-content\/uploads\/2020\/06\/distanciamiento-social-.jpg\" alt=\"\" class=\"wp-image-25962\"\/><\/figure>\n\n\n\n<h2 class=\"wp-block-heading\"> Nuestra provincia y otras regiones sin circulaci\u00f3n comunitaria de coronavirus, pasar\u00e1n al distanciamiento social, preventivo y obligatorio. <\/h2>\n\n\n\n<p>Esta nueva instancia, que se extiende por ahora hasta el 28 de junio, no se aplicar\u00e1 en AMBA, Chaco, C\u00f3rdoba, Trelew y R\u00edo Negro. En cambi\u00f3 en Santa Fe, entre otras provincias, se permitir\u00e1 a las personas&nbsp;<em>\u00abcircular, trabajar y realizar sus actividades siempre que guarden la distancia de dos metros\u00bb<\/em>, remarc\u00f3 el presidente Alberto Fern\u00e1ndez. Al mismo tiempo, aclar\u00f3 que&nbsp;<em>\u00abtodas las actividades deben reorganizarse para cumplir esta norma\u00bb<\/em><\/p>\n\n\n\n<p>A su vez el gobernador Omar Perotti anunci\u00f3 esta tarde la habilitaci\u00f3n de los deportes individuales y las reuniones familiares de hasta diez personas los fines de semana, a partir de este s\u00e1bado y domingo de 9 a 19, con autorizaci\u00f3n para desplazarse en localidades de cercan\u00edas. Remarc\u00f3 que el decreto, que se firmar\u00eda ma\u00f1ana, autorizar\u00e1 formalmente los encuentros en casas particulares.&nbsp;<em>\u00abLas llamamos reuniones sociales y afectivas pero no es una fiesta. Se permiten hasta diez personas y con todos los recaudos a tomar\u00bb,<\/em>&nbsp;sentenci\u00f3.<\/p>\n\n\n\n<figure class=\"wp-block-image\"><img decoding=\"async\" src=\"http:\/\/lasrosasdigital.com.ar\/download\/multimedia.normal.bb621f1a41addcee.5065726f7474692064697374616e6369616d69656e746f20736f6369616c5f6e6f726d616c2e6a706567.jpeg\" alt=\"Perotti distanciamiento social\"\/><\/figure>\n\n\n\n<p>Las&nbsp;<strong>actividades deportivas<\/strong>&nbsp;que quedaron habilitadas son todas individuales, siempre y cuando no tengan contacto f\u00edsico. En los casos en que la disciplina deportiva se haga en clubes o gimnasios, ser\u00e1n necesarios los protocolos respectivos y la evaluaci\u00f3n de qu\u00e9 actividad se podr\u00e1 realizar de acuerdo a las instalaciones.<\/p>\n\n\n\n<p>Subray\u00f3 adem\u00e1s que a partir del pr\u00f3ximo lunes se comenzar\u00e1n a recibir los protocolos para la reapertura de los&nbsp;<strong>bares, restaurantes, clubes y gimnasios<\/strong>, los que podr\u00edan abrir entre mediados de la semana pr\u00f3xima y el lunes 15 de junio.<\/p>\n\n\n\n<p>Resalt\u00f3 Perotti que<strong>&nbsp;no est\u00e1n permitidos los desplazamientos interprovinciales<\/strong>&nbsp;salvo para personas que cumplen actividades esenciales, y precis\u00f3 que&nbsp;<em>\u00abla idea es ir trabajando a futuro en franjas con provincias lim\u00edtrofes, franjas con ciudades que est\u00e9n en las mismas condiciones sanitarias\u00bb.<\/em><\/p>\n\n\n\n<p><strong>Autorizaci\u00f3n.<\/strong>&nbsp;Al respecto, aclar\u00f3 que para poder realizar dichos encuentros se debe tramitar una autorizaci\u00f3n a trav\u00e9s de la aplicaci\u00f3n&nbsp;<strong><a href=\"https:\/\/play.google.com\/store\/apps\/details?id=ar.gov.santafe.mobile.coronavirusapp&amp;hl=es_AR\" rel=\"noreferrer noopener\" target=\"_blank\">Covid-19 Provincia de Santa Fe<\/a><\/strong>,&nbsp;<em>\u201cen la que cada uno va a poder cargar los datos de las personas que se trasladan, desde d\u00f3nde y hasta su lugar de destino\u201d.&nbsp;<\/em><\/p>\n\n\n\n<p>Adem\u00e1s, record\u00f3 que deben cumplirse&nbsp;<em>\u201ctodas y cada una de las exigencias sanitarias que hasta aqu\u00ed se han dado, como el uso de tapa boca, nariz y ment\u00f3n, higiene y distanciamiento\u201d.<\/em>&nbsp;Y sum\u00f3: \u201c<em>Uno conf\u00eda plenamente que toda la poblaci\u00f3n ha incorporado estos h\u00e1bitos\u201d.<\/em><\/p>\n\n\n\n<p><strong>Deportes y gastronom\u00eda.<\/strong>&nbsp;En paralelo, el gobernador anunci\u00f3 que desde el pr\u00f3ximo lunes se habilitar\u00e1 a municipios y comunas para que comiencen a implementar o solicitar los protocolos necesarios para la realizaci\u00f3n de actividades f\u00edsicas.<\/p>\n\n\n\n<p>En esa l\u00ednea, se\u00f1al\u00f3 que se comenzar\u00e1n a autorizar las instalaciones donde se realizan deportes sin contacto f\u00edsico, como -por ejemplo- atletismo, arquer\u00eda, tiro, kayak, remo, golf, bochas, tenis, paleta, equitaci\u00f3n, y ciclismo no grupal. En este caso, dijo,&nbsp;<em>\u201cel uso de las instalaciones deber\u00e1 hacerse con turnos establecidos, sin p\u00fablico, y sin utilizaci\u00f3n de vestuarios ni infraestructuras comunes\u201d<\/em>.&nbsp;<\/p>\n\n\n\n<p>En tanto, con respecto a bares y restoranes, indic\u00f3 que su habilitaci\u00f3n requerir\u00e1 de protocolos del Ministerio de Trabajo provincial, luego de la autorizaci\u00f3n que podr\u00eda anunciar la Jefatura de Gabinete de Naci\u00f3n.&nbsp;Para esta actividad se fijar\u00edan horarios tentativos de 7 a 23 horas, siempre con la tarea coordinada con municipios y comunas.&nbsp;<em>\u201cEs fundamental que tengamos siempre un registro de los clientes, este dato no es menor, es clave para el seguimiento de cualquier instancia de contagio, poder tener el hilo de cada una de las personas que han estado en cada lugar\u201d,<\/em>&nbsp;precis\u00f3.&nbsp;<\/p>\n\n\n\n<p>Finalmente, Perotti remarc\u00f3:<em>&nbsp;\u201cEsperamos que estas actividades que estamos autorizando hayan llegado para quedarse, pero hay que ter claro que en todas estas etapas es fundamental la conducta y actitudes de cada uno frente a los cuidados propios y de terceros; de eso depende la continuidad de esta buena instancia que tiene la provincia de Santa Fe\u201d.<br><\/em><br><strong>Educaci\u00f3n.<\/strong>&nbsp;Indic\u00f3 el gobernador que \u00ab<em>hay que analizar los protocolos necesarios para volver a las aulas, c\u00f3mo va a ser la nueva escuela\u00bb.<\/em><\/p>\n\n\n\n<p><em>\u00abSi se da en agosto, tenemos que estar preparados\u00bb,<\/em>&nbsp;aventur\u00f3 una eventual fecha de regreso a las clases presenciales.&nbsp;<\/p>\n","protected":false},"excerpt":{"rendered":"<p>Nuestra provincia y otras regiones sin circulaci\u00f3n comunitaria de coronavirus, pasar\u00e1n al distanciamiento social, preventivo y obligatorio. Esta nueva instancia, que se extiende por ahora hasta el 28 de junio, no se aplicar\u00e1 en AMBA, Chaco, C\u00f3rdoba, Trelew y R\u00edo Negro. En cambi\u00f3 en Santa Fe, entre otras provincias, se permitir\u00e1 a las personas&nbsp;\u00abcircular, trabajar <a href=\"https:\/\/armstrongyregion.com.ar\/diario\/santa-fe-sale-del-aislamiento-y-entra-en-fase-de-distanciamiento-social\/\" title=\"Read more\" >&#8230;<\/a><\/p>\n","protected":false},"author":1,"featured_media":25962,"comment_status":"open","ping_status":"open","sticky":false,"template":"","format":"image","meta":{"_jetpack_memberships_contains_paid_content":false,"footnotes":"","jetpack_publicize_message":"","jetpack_publicize_feature_enabled":true,"jetpack_social_post_already_shared":true,"jetpack_social_options":{"image_generator_settings":{"template":"highway","default_image_id":0,"enabled":false},"version":2}},"categories":[8,1,2,4,3],"tags":[],"class_list":["post-25961","post","type-post","status-publish","format-image","has-post-thumbnail","hentry","category-deliberando","category-diario-armstrong","category-locales","category-prevencion-salud","category-region","post_format-post-format-image"],"jetpack_publicize_connections":[],"jetpack_featured_media_url":"https:\/\/armstrongyregion.com.ar\/diario\/wp-content\/uploads\/2020\/06\/distanciamiento-social-.jpg","jetpack_shortlink":"https:\/\/wp.me\/p62QDO-6KJ","jetpack_sharing_enabled":true,"amp_enabled":true,"_links":{"self":[{"href":"https:\/\/armstrongyregion.com.ar\/diario\/wp-json\/wp\/v2\/posts\/25961","targetHints":{"allow":["GET"]}}],"collection":[{"href":"https:\/\/armstrongyregion.com.ar\/diario\/wp-json\/wp\/v2\/posts"}],"about":[{"href":"https:\/\/armstrongyregion.com.ar\/diario\/wp-json\/wp\/v2\/types\/post"}],"author":[{"embeddable":true,"href":"https:\/\/armstrongyregion.com.ar\/diario\/wp-json\/wp\/v2\/users\/1"}],"replies":[{"embeddable":true,"href":"https:\/\/armstrongyregion.com.ar\/diario\/wp-json\/wp\/v2\/comments?post=25961"}],"version-history":[{"count":1,"href":"https:\/\/armstrongyregion.com.ar\/diario\/wp-json\/wp\/v2\/posts\/25961\/revisions"}],"predecessor-version":[{"id":25963,"href":"https:\/\/armstrongyregion.com.ar\/diario\/wp-json\/wp\/v2\/posts\/25961\/revisions\/25963"}],"wp:featuredmedia":[{"embeddable":true,"href":"https:\/\/armstrongyregion.com.ar\/diario\/wp-json\/wp\/v2\/media\/25962"}],"wp:attachment":[{"href":"https:\/\/armstrongyregion.com.ar\/diario\/wp-json\/wp\/v2\/media?parent=25961"}],"wp:term":[{"taxonomy":"category","embeddable":true,"href":"https:\/\/armstrongyregion.com.ar\/diario\/wp-json\/wp\/v2\/categories?post=25961"},{"taxonomy":"post_tag","embeddable":true,"href":"https:\/\/armstrongyregion.com.ar\/diario\/wp-json\/wp\/v2\/tags?post=25961"}],"curies":[{"name":"wp","href":"https:\/\/api.w.org\/{rel}","templated":true}]}}