{"id":25928,"date":"2020-06-02T12:56:16","date_gmt":"2020-06-02T12:56:16","guid":{"rendered":"https:\/\/armstrongyregion.com.ar\/diario\/?p=25928"},"modified":"2020-06-02T12:56:18","modified_gmt":"2020-06-02T12:56:18","slug":"deliberando-entrenador-de-futbol-y-politica-local","status":"publish","type":"post","link":"https:\/\/armstrongyregion.com.ar\/diario\/deliberando-entrenador-de-futbol-y-politica-local\/","title":{"rendered":"Deliberando: Entrenador de F\u00fatbol y Pol\u00edtica Local."},"content":{"rendered":"\n<figure class=\"wp-block-image size-large\"><img loading=\"lazy\" decoding=\"async\" width=\"517\" height=\"306\" src=\"http:\/\/armstrongyregion.com.ar\/diario\/wp-content\/uploads\/2020\/06\/andres-novara.jpg\" alt=\"\" class=\"wp-image-25929\" srcset=\"https:\/\/armstrongyregion.com.ar\/diario\/wp-content\/uploads\/2020\/06\/andres-novara.jpg 517w, https:\/\/armstrongyregion.com.ar\/diario\/wp-content\/uploads\/2020\/06\/andres-novara-300x178.jpg 300w\" sizes=\"auto, (max-width: 517px) 100vw, 517px\" \/><\/figure>\n\n\n\n<p> Este martes en DELIBERANDO, un entrenador de f\u00fatbol de la regi\u00f3n y su experiencia internacional, adem\u00e1s salud y econom\u00eda en tiempo de pandemia.<br>Desde su Ca\u00f1ada de G\u00f3mez natal, Andr\u00e9s Novara supo ganarse un lugar en el f\u00fatbol regional, como jugador primero y como entrenador despu\u00e9s. Tambi\u00e9n nos contar\u00e1 como fue esto de dedicarse a la direcci\u00f3n t\u00e9cnica y cuando lo decidi\u00f3. Pero su pasi\u00f3n de conducir no solo lo vivi\u00f3 en el pa\u00eds sino tambi\u00e9n en el exterior y cuenta su historia.<\/p>\n\n\n\n<figure class=\"wp-block-image size-large\"><img loading=\"lazy\" decoding=\"async\" width=\"960\" height=\"466\" src=\"http:\/\/armstrongyregion.com.ar\/diario\/wp-content\/uploads\/2020\/06\/Emiliano-Gramigna-mayo-2020.jpg\" alt=\"\" class=\"wp-image-25930\" srcset=\"https:\/\/armstrongyregion.com.ar\/diario\/wp-content\/uploads\/2020\/06\/Emiliano-Gramigna-mayo-2020.jpg 960w, https:\/\/armstrongyregion.com.ar\/diario\/wp-content\/uploads\/2020\/06\/Emiliano-Gramigna-mayo-2020-300x146.jpg 300w, https:\/\/armstrongyregion.com.ar\/diario\/wp-content\/uploads\/2020\/06\/Emiliano-Gramigna-mayo-2020-768x373.jpg 768w\" sizes=\"auto, (max-width: 960px) 100vw, 960px\" \/><\/figure>\n\n\n\n<p>Luego el concejal de Renovaci\u00f3n por Armstrong, Emiliano Gramigna, nos contara sobre la pol\u00edtica local, funcionamiento del concejo, salud y econom\u00eda en tiempos de Covid 19. <br><strong>\u200b<\/strong>Este martes en DELIBERANDO con la conducci\u00f3n de la licenciada Graciela de la Casa y Oscar Crispino <\/p>\n","protected":false},"excerpt":{"rendered":"<p>Este martes en DELIBERANDO, un entrenador de f\u00fatbol de la regi\u00f3n y su experiencia internacional, adem\u00e1s salud y econom\u00eda en tiempo de pandemia.Desde su Ca\u00f1ada de G\u00f3mez natal, Andr\u00e9s Novara supo ganarse un lugar en el f\u00fatbol regional, como jugador primero y como entrenador despu\u00e9s. Tambi\u00e9n nos contar\u00e1 como fue esto de dedicarse a la <a href=\"https:\/\/armstrongyregion.com.ar\/diario\/deliberando-entrenador-de-futbol-y-politica-local\/\" title=\"Read more\" >&#8230;<\/a><\/p>\n","protected":false},"author":1,"featured_media":25929,"comment_status":"open","ping_status":"open","sticky":false,"template":"","format":"image","meta":{"_jetpack_memberships_contains_paid_content":false,"footnotes":"","jetpack_publicize_message":"","jetpack_publicize_feature_enabled":true,"jetpack_social_post_already_shared":true,"jetpack_social_options":{"image_generator_settings":{"template":"highway","default_image_id":0,"enabled":false},"version":2}},"categories":[8,5,1,2,7],"tags":[],"class_list":["post-25928","post","type-post","status-publish","format-image","has-post-thumbnail","hentry","category-deliberando","category-deportes","category-diario-armstrong","category-locales","category-politica","post_format-post-format-image"],"jetpack_publicize_connections":[],"jetpack_featured_media_url":"https:\/\/armstrongyregion.com.ar\/diario\/wp-content\/uploads\/2020\/06\/andres-novara.jpg","jetpack_shortlink":"https:\/\/wp.me\/p62QDO-6Kc","jetpack_sharing_enabled":true,"amp_enabled":true,"_links":{"self":[{"href":"https:\/\/armstrongyregion.com.ar\/diario\/wp-json\/wp\/v2\/posts\/25928","targetHints":{"allow":["GET"]}}],"collection":[{"href":"https:\/\/armstrongyregion.com.ar\/diario\/wp-json\/wp\/v2\/posts"}],"about":[{"href":"https:\/\/armstrongyregion.com.ar\/diario\/wp-json\/wp\/v2\/types\/post"}],"author":[{"embeddable":true,"href":"https:\/\/armstrongyregion.com.ar\/diario\/wp-json\/wp\/v2\/users\/1"}],"replies":[{"embeddable":true,"href":"https:\/\/armstrongyregion.com.ar\/diario\/wp-json\/wp\/v2\/comments?post=25928"}],"version-history":[{"count":1,"href":"https:\/\/armstrongyregion.com.ar\/diario\/wp-json\/wp\/v2\/posts\/25928\/revisions"}],"predecessor-version":[{"id":25931,"href":"https:\/\/armstrongyregion.com.ar\/diario\/wp-json\/wp\/v2\/posts\/25928\/revisions\/25931"}],"wp:featuredmedia":[{"embeddable":true,"href":"https:\/\/armstrongyregion.com.ar\/diario\/wp-json\/wp\/v2\/media\/25929"}],"wp:attachment":[{"href":"https:\/\/armstrongyregion.com.ar\/diario\/wp-json\/wp\/v2\/media?parent=25928"}],"wp:term":[{"taxonomy":"category","embeddable":true,"href":"https:\/\/armstrongyregion.com.ar\/diario\/wp-json\/wp\/v2\/categories?post=25928"},{"taxonomy":"post_tag","embeddable":true,"href":"https:\/\/armstrongyregion.com.ar\/diario\/wp-json\/wp\/v2\/tags?post=25928"}],"curies":[{"name":"wp","href":"https:\/\/api.w.org\/{rel}","templated":true}]}}