{"id":25900,"date":"2020-05-31T15:54:45","date_gmt":"2020-05-31T15:54:45","guid":{"rendered":"https:\/\/armstrongyregion.com.ar\/diario\/?p=25900"},"modified":"2020-05-31T15:54:49","modified_gmt":"2020-05-31T15:54:49","slug":"asistencia-financiera-a-las-mipymes","status":"publish","type":"post","link":"https:\/\/armstrongyregion.com.ar\/diario\/asistencia-financiera-a-las-mipymes\/","title":{"rendered":"Asistencia financiera a las MiPyMEs"},"content":{"rendered":"\n<figure class=\"wp-block-image size-large\"><img decoding=\"async\" src=\"http:\/\/armstrongyregion.com.ar\/diario\/wp-content\/uploads\/2019\/11\/comunicados-2018-2.jpg\" alt=\"\" class=\"wp-image-23842\"\/><\/figure>\n\n\n\n<p>El Ministerio de Producci\u00f3n, Ciencia y Tecnolog\u00eda de la Provincia de Santa Fe junto a la Agencia de Desarrollo Regi\u00f3n Rosario (ADERR)mediante la Municipalidad de Armstrong informan que suscriben un Convenio para otorgar asistencia financiera a las MiPyMEs que se vieran afectadas en sus ingresos durante la emergencia sanitaria declarada y la medida de aislamiento social, preventivo y obligatorio.<\/p>\n\n\n\n<p>&nbsp;Beneficio: Las empresas Solicitantes podr\u00e1n acceder, condicionado a la existencia de presupuesto, a la asistencia financiera a trav\u00e9s del otorgamiento de un Pr\u00e9stamo, con las siguientes condiciones:<\/p>\n\n\n\n<p>&#8211; Monto: hasta $ 100.000.<\/p>\n\n\n\n<p>&#8211; Destinos: Recomposici\u00f3n de Capital de Trabajo y Gastos de funcionamiento en general incluyendo el pago de servicios y alquileres del establecimiento; Pago de Salarios. Destinos excluidos: cancelaci\u00f3n de deudas preexistentes, adquisici\u00f3n de divisas.<\/p>\n\n\n\n<p>&nbsp;&#8211; Plazo de amortizaci\u00f3n: dieciocho (18) meses, incluye per\u00edodo de gracia.<\/p>\n\n\n\n<p>&#8211; Per\u00edodo de gracia: hasta seis (6) meses (s\u00f3lo para capital), incluidos en el plazo total.<\/p>\n\n\n\n<p>&#8211; Tasa nominal anual de inter\u00e9s: 13,5% fija.<\/p>\n\n\n\n<p>&nbsp;&#8211; Porcentaje de financiamiento: el 100% del monto del proyecto IVA incluido. &#8211; Sistema franc\u00e9s.<\/p>\n\n\n\n<p>&nbsp;La evaluaci\u00f3n y selecci\u00f3n de los Proyectos se llevar\u00e1 a cabo de conformidad con lo dispuesto por ADERR.<\/p>\n\n\n\n<ol class=\"wp-block-list\"><li>Empresas participantes<\/li><\/ol>\n\n\n\n<p>Podr\u00e1n participar del presente Programa aquellas MiPyMes industriales, comerciales y de servicios; inscriptas en AFIP que acrediten al menos 12 meses de antig\u00fcedad desde fecha de constituci\u00f3n formal, y que no registren situaci\u00f3n crediticia 3, 4, 5 o 6 en la Central de Deudores del BCRA.<\/p>\n\n\n\n<p>Las empresas solicitantes deben desarrollar como actividad declarada una de las incluidas en el Decreto 355\/20 \u201cPrograma Atenci\u00f3n Gobiernos Locales &#8211; Emergencia COVID-19\u201d, seg\u00fan el siguiente detalle:<\/p>\n\n\n\n<p>&#8211; Comerciales: Calzado; Vestimenta; Marroquiner\u00eda y Talabarter\u00eda; Mercer\u00eda; Relojer\u00eda; Jugueter\u00eda; Regaler\u00eda; Joyer\u00eda; Bazar; Antig\u00fcedades; M\u00fasica e Instrumentos; Hilados; Florer\u00eda; Pinturer\u00edas; Construcci\u00f3n; Equipamiento de Oficina; Equipamiento de Hogares, Camping y Pesca; Decoraci\u00f3n y Cotill\u00f3n.<\/p>\n\n\n\n<p>&nbsp;&#8211; Servicios: Restaurantes; Bares; Comedores; Cervecer\u00edas; Servicios Gastron\u00f3micos; Hoteler\u00eda; Peluquer\u00eda, Podolog\u00eda y Manicura; Reparaci\u00f3n de Art\u00edculos del Hogar; Herrer\u00eda; Gimnasio; Imprenta.<\/p>\n\n\n\n<p>&#8211; Industriales: la asistencia financiera se organiza en tres (3) tramos priorizando aquellas actividades que no han podido trabajar durante todo el per\u00edodo de aislamiento social, preventivo y obligatorio, y considerando los dos tramos que fueron habilitados en abril. El orden de prioridad para la selecci\u00f3n de los beneficiarios es el siguiente:<\/p>\n\n\n\n<p>Tramo 1 &#8211; Alta: Actividades no exceptuadas en ning\u00fan DNU o incluidos Mayo Obras privadas; Automotriz y autopartes; Electr\u00f3nica y electrodom\u00e9sticos; Indumentaria, Calzado y Productos Textiles; Productos del Tabaco; Metalurgia; Maquinaria y Equipos; Manufacturas del Cuero; Gr\u00e1fica, Ediciones e Impresiones; Madera y Muebles; Juguetes; Cemento; Neum\u00e1ticos; Bicicletas y Motos; Qu\u00edmica y Petroqu\u00edmica; Celulosa y Papel; Pl\u00e1sticos y subproductos; Cer\u00e1micos.<\/p>\n\n\n\n<p>Tramo 2 &#8211; Intermedia: Actividades habilitadas a partir de mediados de Abril Producci\u00f3n para la exportaci\u00f3n (autorizados por MDP); Procesos industriales espec\u00edficos (autorizados por MDP)<\/p>\n\n\n\n<p>Tramo 3 &#8211; Baja: Actividades habilitadas a partir de principios de Abril Producci\u00f3n, distribuci\u00f3n y comercializaci\u00f3n forestal y minera; Curtiembres; Aserraderos y F\u00e1bricas de productos de madera; F\u00e1bricas de colchones; F\u00e1bricas de maquinaria vial y agr\u00edcola; Industrias de procesos continuos (autorizados por MDP); Producci\u00f3n y distribuci\u00f3n de biocombustibles; Obra privada de infraestructura energ\u00e9tica.<\/p>\n\n\n\n<p>No Aplican: Actividades esenciales exceptuadas desde el inicio: Alimentaci\u00f3n, su cadena productiva e insumos; Higiene personal y limpieza; Equipamiento m\u00e9dico; Medicamentos, vacunas y otros insumos sanitarios; Producci\u00f3n, distribuci\u00f3n y comercializaci\u00f3n agropecuaria y de pesca.<\/p>\n\n\n\n<p>Los interesados en acceder al beneficio deber\u00e1n completar el formulario de pre-clasificaci\u00f3n en la Direcci\u00f3n de Comercio, Industria y Ruralidad municipal a cargo del Sr. Guillermo Paoloni.&nbsp;<\/p>\n\n\n\n<p>Formulario de Pre &#8211; Clasificaci\u00f3n:&nbsp;<a href=\"https:\/\/forms.gle\/bG8pNZGFw6ZiLo7B6\" target=\"_blank\" rel=\"noreferrer noopener\">https:\/\/forms.gle\/bG8pNZGFw6ZiLo7B6<\/a>&nbsp;<\/p>\n","protected":false},"excerpt":{"rendered":"<p>El Ministerio de Producci\u00f3n, Ciencia y Tecnolog\u00eda de la Provincia de Santa Fe junto a la Agencia de Desarrollo Regi\u00f3n Rosario (ADERR)mediante la Municipalidad de Armstrong informan que suscriben un Convenio para otorgar asistencia financiera a las MiPyMEs que se vieran afectadas en sus ingresos durante la emergencia sanitaria declarada y la medida de aislamiento <a href=\"https:\/\/armstrongyregion.com.ar\/diario\/asistencia-financiera-a-las-mipymes\/\" title=\"Read more\" >&#8230;<\/a><\/p>\n","protected":false},"author":1,"featured_media":0,"comment_status":"open","ping_status":"open","sticky":false,"template":"","format":"image","meta":{"_jetpack_memberships_contains_paid_content":false,"footnotes":"","jetpack_publicize_message":"","jetpack_publicize_feature_enabled":true,"jetpack_social_post_already_shared":true,"jetpack_social_options":{"image_generator_settings":{"template":"highway","default_image_id":0,"enabled":false},"version":2}},"categories":[8,1,2,7,3],"tags":[],"class_list":["post-25900","post","type-post","status-publish","format-image","hentry","category-deliberando","category-diario-armstrong","category-locales","category-politica","category-region","post_format-post-format-image"],"jetpack_publicize_connections":[],"jetpack_featured_media_url":"","jetpack_shortlink":"https:\/\/wp.me\/p62QDO-6JK","jetpack_sharing_enabled":true,"amp_enabled":true,"_links":{"self":[{"href":"https:\/\/armstrongyregion.com.ar\/diario\/wp-json\/wp\/v2\/posts\/25900","targetHints":{"allow":["GET"]}}],"collection":[{"href":"https:\/\/armstrongyregion.com.ar\/diario\/wp-json\/wp\/v2\/posts"}],"about":[{"href":"https:\/\/armstrongyregion.com.ar\/diario\/wp-json\/wp\/v2\/types\/post"}],"author":[{"embeddable":true,"href":"https:\/\/armstrongyregion.com.ar\/diario\/wp-json\/wp\/v2\/users\/1"}],"replies":[{"embeddable":true,"href":"https:\/\/armstrongyregion.com.ar\/diario\/wp-json\/wp\/v2\/comments?post=25900"}],"version-history":[{"count":1,"href":"https:\/\/armstrongyregion.com.ar\/diario\/wp-json\/wp\/v2\/posts\/25900\/revisions"}],"predecessor-version":[{"id":25901,"href":"https:\/\/armstrongyregion.com.ar\/diario\/wp-json\/wp\/v2\/posts\/25900\/revisions\/25901"}],"wp:attachment":[{"href":"https:\/\/armstrongyregion.com.ar\/diario\/wp-json\/wp\/v2\/media?parent=25900"}],"wp:term":[{"taxonomy":"category","embeddable":true,"href":"https:\/\/armstrongyregion.com.ar\/diario\/wp-json\/wp\/v2\/categories?post=25900"},{"taxonomy":"post_tag","embeddable":true,"href":"https:\/\/armstrongyregion.com.ar\/diario\/wp-json\/wp\/v2\/tags?post=25900"}],"curies":[{"name":"wp","href":"https:\/\/api.w.org\/{rel}","templated":true}]}}