{"id":25897,"date":"2020-05-31T15:49:15","date_gmt":"2020-05-31T15:49:15","guid":{"rendered":"https:\/\/armstrongyregion.com.ar\/diario\/?p=25897"},"modified":"2020-05-31T15:49:18","modified_gmt":"2020-05-31T15:49:18","slug":"carrizales-tendra-su-propia-ambulancia","status":"publish","type":"post","link":"https:\/\/armstrongyregion.com.ar\/diario\/carrizales-tendra-su-propia-ambulancia\/","title":{"rendered":"Carrizales tendr\u00e1 su propia ambulancia."},"content":{"rendered":"\n<figure class=\"wp-block-image size-large\"><img loading=\"lazy\" decoding=\"async\" width=\"344\" height=\"246\" src=\"http:\/\/armstrongyregion.com.ar\/diario\/wp-content\/uploads\/2020\/05\/Carrizales.jpg\" alt=\"\" class=\"wp-image-25898\" srcset=\"https:\/\/armstrongyregion.com.ar\/diario\/wp-content\/uploads\/2020\/05\/Carrizales.jpg 344w, https:\/\/armstrongyregion.com.ar\/diario\/wp-content\/uploads\/2020\/05\/Carrizales-300x215.jpg 300w\" sizes=\"auto, (max-width: 344px) 100vw, 344px\" \/><\/figure>\n\n\n\n<p>\nEste\nviernes se llev\u00f3 a cabo el contrato de compraventa por una\nambulancia entre la Comuna de Carrizales y la Sociedad Italiana de\nSalto Grande.<\/p>\n\n\n\n<p>\nEl\nSenador Hugo Jes\u00fas Rasetto indic\u00f3 que la compra, consensuada por el\nComit\u00e9 Departamental contra el Covid-19 de Iriondo, se realizar\u00e1 en\ncuotas con aportes de la Senadur\u00eda de la Provincia de Santa Fe, y\nsurge ante la necesidad presentada al comit\u00e9 por el Presidente\nComunal, Osvaldo Rezzonico de tener una unidad de traslado en\nCarrizales preparada ante cualquier emergencia. \n<\/p>\n","protected":false},"excerpt":{"rendered":"<p>Este viernes se llev\u00f3 a cabo el contrato de compraventa por una ambulancia entre la Comuna de Carrizales y la Sociedad Italiana de Salto Grande. El Senador Hugo Jes\u00fas Rasetto indic\u00f3 que la compra, consensuada por el Comit\u00e9 Departamental contra el Covid-19 de Iriondo, se realizar\u00e1 en cuotas con aportes de la Senadur\u00eda de la <a href=\"https:\/\/armstrongyregion.com.ar\/diario\/carrizales-tendra-su-propia-ambulancia\/\" title=\"Read more\" >&#8230;<\/a><\/p>\n","protected":false},"author":1,"featured_media":25898,"comment_status":"open","ping_status":"open","sticky":false,"template":"","format":"image","meta":{"_jetpack_memberships_contains_paid_content":false,"footnotes":"","jetpack_publicize_message":"","jetpack_publicize_feature_enabled":true,"jetpack_social_post_already_shared":true,"jetpack_social_options":{"image_generator_settings":{"template":"highway","default_image_id":0,"enabled":false},"version":2}},"categories":[8,1,7,3],"tags":[],"class_list":["post-25897","post","type-post","status-publish","format-image","has-post-thumbnail","hentry","category-deliberando","category-diario-armstrong","category-politica","category-region","post_format-post-format-image"],"jetpack_publicize_connections":[],"jetpack_featured_media_url":"https:\/\/armstrongyregion.com.ar\/diario\/wp-content\/uploads\/2020\/05\/Carrizales.jpg","jetpack_shortlink":"https:\/\/wp.me\/p62QDO-6JH","jetpack_sharing_enabled":true,"amp_enabled":true,"_links":{"self":[{"href":"https:\/\/armstrongyregion.com.ar\/diario\/wp-json\/wp\/v2\/posts\/25897","targetHints":{"allow":["GET"]}}],"collection":[{"href":"https:\/\/armstrongyregion.com.ar\/diario\/wp-json\/wp\/v2\/posts"}],"about":[{"href":"https:\/\/armstrongyregion.com.ar\/diario\/wp-json\/wp\/v2\/types\/post"}],"author":[{"embeddable":true,"href":"https:\/\/armstrongyregion.com.ar\/diario\/wp-json\/wp\/v2\/users\/1"}],"replies":[{"embeddable":true,"href":"https:\/\/armstrongyregion.com.ar\/diario\/wp-json\/wp\/v2\/comments?post=25897"}],"version-history":[{"count":1,"href":"https:\/\/armstrongyregion.com.ar\/diario\/wp-json\/wp\/v2\/posts\/25897\/revisions"}],"predecessor-version":[{"id":25899,"href":"https:\/\/armstrongyregion.com.ar\/diario\/wp-json\/wp\/v2\/posts\/25897\/revisions\/25899"}],"wp:featuredmedia":[{"embeddable":true,"href":"https:\/\/armstrongyregion.com.ar\/diario\/wp-json\/wp\/v2\/media\/25898"}],"wp:attachment":[{"href":"https:\/\/armstrongyregion.com.ar\/diario\/wp-json\/wp\/v2\/media?parent=25897"}],"wp:term":[{"taxonomy":"category","embeddable":true,"href":"https:\/\/armstrongyregion.com.ar\/diario\/wp-json\/wp\/v2\/categories?post=25897"},{"taxonomy":"post_tag","embeddable":true,"href":"https:\/\/armstrongyregion.com.ar\/diario\/wp-json\/wp\/v2\/tags?post=25897"}],"curies":[{"name":"wp","href":"https:\/\/api.w.org\/{rel}","templated":true}]}}