{"id":25893,"date":"2020-05-28T13:26:20","date_gmt":"2020-05-28T13:26:20","guid":{"rendered":"https:\/\/armstrongyregion.com.ar\/diario\/?p=25893"},"modified":"2020-05-28T13:26:24","modified_gmt":"2020-05-28T13:26:24","slug":"cornaglia-convoco-al-comite-de-crisis-para-trabajar-sobre-la-seguridad-en-el-dto-belgrano","status":"publish","type":"post","link":"https:\/\/armstrongyregion.com.ar\/diario\/cornaglia-convoco-al-comite-de-crisis-para-trabajar-sobre-la-seguridad-en-el-dto-belgrano\/","title":{"rendered":"Cornaglia convoco al comit\u00e9 de crisis para trabajar sobre la seguridad en el Dto. Belgrano."},"content":{"rendered":"\n<figure class=\"wp-block-image size-large\"><img loading=\"lazy\" decoding=\"async\" width=\"480\" height=\"252\" src=\"http:\/\/armstrongyregion.com.ar\/diario\/wp-content\/uploads\/2020\/05\/GC-2020-05-27-Fb-Comit\u00e9-de-Crisis-3.jpg\" alt=\"\" class=\"wp-image-25894\" srcset=\"https:\/\/armstrongyregion.com.ar\/diario\/wp-content\/uploads\/2020\/05\/GC-2020-05-27-Fb-Comit\u00e9-de-Crisis-3.jpg 480w, https:\/\/armstrongyregion.com.ar\/diario\/wp-content\/uploads\/2020\/05\/GC-2020-05-27-Fb-Comit\u00e9-de-Crisis-3-300x158.jpg 300w\" sizes=\"auto, (max-width: 480px) 100vw, 480px\" \/><\/figure>\n\n\n\n<h2 class=\"wp-block-heading\"><strong>Del encuentro participaron autoridades de Fiscal\u00eda, de la Jefatura de la Unidad Regional III de Polic\u00eda, presidentes comunales e intendentes.<\/strong><\/h2>\n\n\n\n<figure class=\"wp-block-image size-large\"><img loading=\"lazy\" decoding=\"async\" width=\"480\" height=\"252\" src=\"http:\/\/armstrongyregion.com.ar\/diario\/wp-content\/uploads\/2020\/05\/GC-2020-05-27-Fb-Comit\u00e9-de-Crisis-2.jpg\" alt=\"\" class=\"wp-image-25895\" srcset=\"https:\/\/armstrongyregion.com.ar\/diario\/wp-content\/uploads\/2020\/05\/GC-2020-05-27-Fb-Comit\u00e9-de-Crisis-2.jpg 480w, https:\/\/armstrongyregion.com.ar\/diario\/wp-content\/uploads\/2020\/05\/GC-2020-05-27-Fb-Comit\u00e9-de-Crisis-2-300x158.jpg 300w\" sizes=\"auto, (max-width: 480px) 100vw, 480px\" \/><\/figure>\n\n\n\n<p>El senador provincial Guillermo Cornaglia convoc\u00f3 y realiz\u00f3 una nueva reuni\u00f3n del Comit\u00e9 de Crisis del departamento Belgrano, en esta ocasi\u00f3n, para abordar cuestiones referidas a la seguridad tanto en el marco de la pandemia de covid-19 como en asuntos referidos a preocupaciones expuestas por los intendentes y presidentes comunales. \u201cCumplimos as\u00ed con la solicitud de los intendentes y presidentes comunales realizada en la reuni\u00f3n anterior del Comit\u00e9 de Crisis. El saldo es positivo, comprometi\u00e9ndonos a trabajar en conjunto para dar respuestas a las necesidades de nuestras vecinas y vecinos\u201d, manifest\u00f3 Cornaglia.<br><\/p>\n\n\n\n<p>El encuentro se desarroll\u00f3 en Casa del Bicentenario de Las Parejas y del mismo participaron, adem\u00e1s del senador provincial Guillermo Cornaglia, la fiscal coordinadora interdistrital de Fiscal\u00eda Regional 2 Rosario, Natalia Benvenuto; el fiscal de la Unidad Fiscal de Ca\u00f1ada de G\u00f3mez, Santiago Tosco; el jefe de la Unidad Regional III de Polic\u00eda, Arnaldo Mart\u00edn Garcia; y los intendentes y presidentes comunales del departamento Belgrano.<br><\/p>\n","protected":false},"excerpt":{"rendered":"<p>Del encuentro participaron autoridades de Fiscal\u00eda, de la Jefatura de la Unidad Regional III de Polic\u00eda, presidentes comunales e intendentes. El senador provincial Guillermo Cornaglia convoc\u00f3 y realiz\u00f3 una nueva reuni\u00f3n del Comit\u00e9 de Crisis del departamento Belgrano, en esta ocasi\u00f3n, para abordar cuestiones referidas a la seguridad tanto en el marco de la pandemia <a href=\"https:\/\/armstrongyregion.com.ar\/diario\/cornaglia-convoco-al-comite-de-crisis-para-trabajar-sobre-la-seguridad-en-el-dto-belgrano\/\" title=\"Read more\" >&#8230;<\/a><\/p>\n","protected":false},"author":1,"featured_media":25894,"comment_status":"open","ping_status":"open","sticky":false,"template":"","format":"image","meta":{"_jetpack_memberships_contains_paid_content":false,"footnotes":"","jetpack_publicize_message":"","jetpack_publicize_feature_enabled":true,"jetpack_social_post_already_shared":true,"jetpack_social_options":{"image_generator_settings":{"template":"highway","default_image_id":0,"enabled":false},"version":2}},"categories":[8,1,2,7],"tags":[],"class_list":["post-25893","post","type-post","status-publish","format-image","has-post-thumbnail","hentry","category-deliberando","category-diario-armstrong","category-locales","category-politica","post_format-post-format-image"],"jetpack_publicize_connections":[],"jetpack_featured_media_url":"https:\/\/armstrongyregion.com.ar\/diario\/wp-content\/uploads\/2020\/05\/GC-2020-05-27-Fb-Comit\u00e9-de-Crisis-3.jpg","jetpack_shortlink":"https:\/\/wp.me\/p62QDO-6JD","jetpack_sharing_enabled":true,"amp_enabled":true,"_links":{"self":[{"href":"https:\/\/armstrongyregion.com.ar\/diario\/wp-json\/wp\/v2\/posts\/25893","targetHints":{"allow":["GET"]}}],"collection":[{"href":"https:\/\/armstrongyregion.com.ar\/diario\/wp-json\/wp\/v2\/posts"}],"about":[{"href":"https:\/\/armstrongyregion.com.ar\/diario\/wp-json\/wp\/v2\/types\/post"}],"author":[{"embeddable":true,"href":"https:\/\/armstrongyregion.com.ar\/diario\/wp-json\/wp\/v2\/users\/1"}],"replies":[{"embeddable":true,"href":"https:\/\/armstrongyregion.com.ar\/diario\/wp-json\/wp\/v2\/comments?post=25893"}],"version-history":[{"count":1,"href":"https:\/\/armstrongyregion.com.ar\/diario\/wp-json\/wp\/v2\/posts\/25893\/revisions"}],"predecessor-version":[{"id":25896,"href":"https:\/\/armstrongyregion.com.ar\/diario\/wp-json\/wp\/v2\/posts\/25893\/revisions\/25896"}],"wp:featuredmedia":[{"embeddable":true,"href":"https:\/\/armstrongyregion.com.ar\/diario\/wp-json\/wp\/v2\/media\/25894"}],"wp:attachment":[{"href":"https:\/\/armstrongyregion.com.ar\/diario\/wp-json\/wp\/v2\/media?parent=25893"}],"wp:term":[{"taxonomy":"category","embeddable":true,"href":"https:\/\/armstrongyregion.com.ar\/diario\/wp-json\/wp\/v2\/categories?post=25893"},{"taxonomy":"post_tag","embeddable":true,"href":"https:\/\/armstrongyregion.com.ar\/diario\/wp-json\/wp\/v2\/tags?post=25893"}],"curies":[{"name":"wp","href":"https:\/\/api.w.org\/{rel}","templated":true}]}}