{"id":2589,"date":"2015-06-11T02:58:56","date_gmt":"2015-06-11T02:58:56","guid":{"rendered":"https:\/\/armstrongyregion.com.ar\/diario\/?p=2589"},"modified":"2015-06-11T02:58:56","modified_gmt":"2015-06-11T02:58:56","slug":"agroactiva-se-puso-en-marcha-en-monje-y-todos-pidieron-la-unidad-y-el-desarrollo","status":"publish","type":"post","link":"https:\/\/armstrongyregion.com.ar\/diario\/agroactiva-se-puso-en-marcha-en-monje-y-todos-pidieron-la-unidad-y-el-desarrollo\/","title":{"rendered":"AgroActiva se puso en marcha en Monje y todos pidieron \u201cla unidad y el desarrollo\u201d."},"content":{"rendered":"<p><a href=\"http:\/\/armstrongyregion.com.ar\/diario\/wp-content\/uploads\/2015\/06\/cinta.jpg\"><img loading=\"lazy\" decoding=\"async\" class=\"alignnone size-medium wp-image-2590\" src=\"http:\/\/armstrongyregion.com.ar\/diario\/wp-content\/uploads\/2015\/06\/cinta-300x200.jpg\" alt=\"cinta\" width=\"300\" height=\"200\" srcset=\"https:\/\/armstrongyregion.com.ar\/diario\/wp-content\/uploads\/2015\/06\/cinta-300x200.jpg 300w, https:\/\/armstrongyregion.com.ar\/diario\/wp-content\/uploads\/2015\/06\/cinta-1024x685.jpg 1024w\" sizes=\"auto, (max-width: 300px) 100vw, 300px\" \/><\/a>En la localidad santafesina se inaugur\u00f3 oficialmente la 21\u00ba edici\u00f3n de la mega muestra con la participaci\u00f3n del secretario de Agricultura de la Naci\u00f3n, Gabriel Delgado; el ministro de la Producci\u00f3n de Santa Fe, Carlos Fascendini y el jefe comunal de Monje, Pedro Severini; junto a la presidente de AgroActiva, Rosana Nardi.<br \/>\nEl mi\u00e9rcoles a la ma\u00f1ana en la localidad santafesina de Monje se ha puesto en marcha la 21\u00ba edici\u00f3n de AgroActiva con la participaci\u00f3n de autoridades nacionales, provinciales y locales en el acto inaugural y el tradicional corte de cinta frente al p\u00f3rtico de acceso a la mega muestra que se desarrollar\u00e1 hasta el s\u00e1bado 13 de junio en la ruta 65 y la autopista Rosario \u2013 Santa Fe.<\/p>\n<p>El acto inaugural estuvo encabezado por la presidente de AgroActiva, Rosana Nardi, junto al secretario de Agricultura, Ganader\u00eda y Alimentos, Gabriel Delgado; el ministro de la producci\u00f3n de Santa Fe, Carlos Fascendini y el jefe comunal de Monje, Pedro Severini; quienes intervinieron con discursos en la apertura oficial. Adem\u00e1s estuvieron presentes otras autoridades como el subsecretario de Relaciones Institucionales y Comunicaci\u00f3n del Ministerio de la Producci\u00f3n de Santa Fe, Doctor Diego Maciel; el subsecretario de Agricultura y Ganader\u00eda de la provincia de Buenos Aires, Juan Angel Cruz; el presidente de AFAMAC, Gustavo del Boca; el gerente general de la Agencia Pro C\u00f3rdoba, Roberto Rossoto; el presidente de Agricultores Federados Argentinos (AFA), Jorge Pettetta; funcionarios, legisladores y representantes de entidades agropecuarias. Un importante marco de p\u00fablico y los medios gr\u00e1ficos, audiovisuales y radiales encargados de la cobertura de la muestra a cielo abierto siguieron la ceremonia de apertura en el acceso al predio.<br \/>\nPedro Severini<br \/>\nEl presidente de la comuna santafesina de Monje, Pedro Severini, fue el primer orador en el escenario montado en el p\u00f3rtico de acceso a AgroActiva 2015.<br \/>\nEl jefe comunal anfitri\u00f3n le dio la bienvenida a las autoridades nacionales, provinciales y locales y agradeci\u00f3 a la titular de la empresa organizadora de la muestra, de elegir su localidad para desarrollar el evento.<br \/>\nEn su discurso, Severini, record\u00f3 los d\u00edas iniciales en los que seleccionaron al pueblo santafesino como sede de AgroActiva. \u201cFue dif\u00edcil empezar a trabajar y nos sentimos desbordados ya que no estamos acostumbrados a los trabajos de la embergadura que requer\u00eda la mega muestra. En tanto, me reconforta tener gente amiga como las personas que llevan adelante AgroActiva, una empresa familiar, de la cual ya estoy formando parte porque son muy abiertos al di\u00e1logo y dispuestos al entendimiento. Sentimos que nos han reconocido el trabajo realizado. Afortunadamente hemos estado a la altura de las circunstancias de sus exigencias\u201d.<\/p>\n<p>El predio de m\u00e1s de 300 hect\u00e1reas donde se desarrolla la muestra agropecuaria se emplaza sobre campos de tres productores de Monje, a quienes agradeci\u00f3 el jefe comunal su predisposici\u00f3n para permitir desarrollar el evento. \u201cAgradezco a los due\u00f1os de los campos, M\u00e9dici; Mangiaterra y Druetta por permitir que se desarrollara AgroActiva en esta inmejorable ubicaci\u00f3n a la vera de la ruta 65 y cerca de la autopista\u201d. En este sentido tambi\u00e9n remarc\u00f3 las caracter\u00edsticas estrat\u00e9gicas de Monje. \u201cEs un lugar muy productivo, que est\u00e1 muy cerca de los puertos y del r\u00edo Coronda. Tenemos un balneario que ofrece un atractivo tur\u00edstico. Estamos felices de tener AgroActiva y les pedimos que se quede la muestra un tiempo m\u00e1s ser\u00eda muy reconfortable\u201d.<\/p>\n<p>El titular de la comuna santafesina destac\u00f3 el grupo de trabajo de su localidad para colaborar en el armado de AgroActiva y las localidades vecinas que los asistieron log\u00edsticamente con veh\u00edculos y herramientas. \u201cTodo el personal de la comuna estuvo bien predispuesto a colaborar; las comunas vecinas que han colaborado como D\u00edaz, Barrancas, Irigoyen y San Genaro, quienes siempre han estado bien predispuesto; como as\u00ed tambi\u00e9n los integrantes de la comunidad. Nuestros vecinos y comerciantes demostraron la calidez del habitante de Monje. En estos \u00faltimos quince d\u00edas se ha transformado nuestra localidad con la afluencia de gente a los comercios y personas hospedadas en los complejos de caba\u00f1as. Es un recurso importante para nuestra poblaci\u00f3n que no cuenta con industria\u201d.<\/p>\n<p>La presencia de AgroActiva en Monje ser\u00e1 un hito para la historia de la localidad seg\u00fan lo manifest\u00f3 el jefe comunal. \u201cVa a quedar en la historia que AgroActiva estuvo en Monje. Que la muestra puso su mirada en Monje, un pueblo peque\u00f1o, pero con mucha calidez. Nuestra comunidad aprecia mucho al visitante porque est\u00e1 acostumbrado al turismo\u201d.<br \/>\nA los organizadores les agradeci\u00f3 en nombre de la presidente de AgroActiva, Rosana Nardi \u201cPorque son gente muy amable y los aprecio mucho\u201d, concluy\u00f3 Pedro Severini.<\/p>\n<p>Rosana Nardi<br \/>\nLa presidente de AgroActiva, Rosana Nardi, remarc\u00f3 el significado del primer d\u00eda de la muestra para odas las personas que trabajan en la organizaci\u00f3n de la muestra. \u201cEs un d\u00eda muy importante para quienes hacemos AgroActiva. Les agaradezco que nos est\u00e9n acompa\u00f1ando y sean muy bienvenido a la d\u00e9cimo primera edici\u00f3n. Muchas gracias a los medios de prensa, a los funcionarios presentes y a las autoridades. Especialmente al gobernador de Santa Fe Antonio Bonfatti, al ministro de la producci\u00f3n Carlos Fascendini, quienes nos han ayudado en las seis ediciones en suelo santafesino. Ellos han sido aliados con AgroActiva. Como as\u00ed tambi\u00e9n al secretario de Agricultura, Pesca y Alimentaci\u00f3n de la Naci\u00f3n, Gabriel Delgado, quien nos est\u00e1 brindando su apoyo y compa\u00f1\u00eda. Y a la comuna de Monje les agradezco que nos hayan recibido con gran hospitalidad, amabilidad y entusiasmo, en especial su jefe comunal Pedro Severini quien nos ha facilitado toda la log\u00edstica para el armado de la muestra est\u00e1tica. En este poco tiempo se ha convertido en un integrante m\u00e1s de nuestro equipo y en nuestro amigo\u201d.<\/p>\n<p>\u201cHace m\u00e1s de veinte a\u00f1os que venimos asistiendo a esta ceremonia de inauguraci\u00f3n de AgroActiva y nos sigue emocionando y movilizando como el primer d\u00eda\u201d, expres\u00f3 emocionada la arquitecta Rosana Nardi. \u201cEs un gran logro esta muestra, de la que todos debemos sentirnos orgullosos. Los expositores, quienes con su esfuerzo, trabajo y dedicaci\u00f3n y su esp\u00edritu forman una gran estructura que termina siendo una gran ciudad en el medio del campo. Esto la transforma a AgroActiva en una galer\u00eda de arte del sector agropecuario argentino. El arte de producir\u201d, destac\u00f3 en su discurso con un hincapi\u00e9 en el slogan de este a\u00f1o de la mega muestra. \u201cEl p\u00fablico que con su presencia masiva colma las calles; los funcionarios; los medios de prensa; el equipo organizador de AgroActiva; los proveedores. Todos contribuimos a crear este espacio de encuentro que trasciende lo meramente comercial, porque AgroActiva tiene magia. Disfrutemos de estos d\u00edas en los que conviviremos en una sociedad distinta donde la amabilidad, el respeto , la tolerancia, el trabajo son los denominadores comunes \u00bfC\u00f3mo lo logramos? Es dif\u00edcil saberlo. Seguramente es por una sumatoria de muchas voluntades en positivo y de la m\u00edstica de trabajo en equipo que supo inculcarnos nuestro padre y de la buena energ\u00eda de nuestro pa\u00eds productivo. Hay mucho esfuerzo y esperanza volcados en estas calles de AgroActiva. Considero, en este sentido, que nadie saldr\u00e1 defraudado. Disfrutemos de esta magia porque dura tan s\u00f3lo cuatro d\u00edas, se llama AgroActiva y nos pertenece a todos. Bienvenidos\u201d, finaliz\u00f3 Nardi.<\/p>\n<p>Gabriel Delgado<br \/>\nEl secretario de Agricultura, Pesca y Alimentaci\u00f3n de la Naci\u00f3n, Gabriel Delgado, tuvo la oportunidad de dirigirse al p\u00fablico y los medios de comunicaci\u00f3n presentes en el acto de inauguraci\u00f3n de AgroActiva.<br \/>\nEl funcionario nacional hizo llegar el saludo del Ministro Carlos Casamiquela y felicit\u00f3 a los organizadores de la muestra y las autoridades de la localidad anfitriona. \u201cEl pueblo santafesino y la comunidad agroalimentaria de la regi\u00f3n en estos d\u00edas de exposici\u00f3n se podr\u00e1 nutrir de esta muestra tan importante para el desarrollo del pa\u00eds\u201d.<br \/>\nEl funcionario destac\u00f3 la importante presencia del Ministerio de Agricultura nacional con 4800 metros cuadrados de stand \u201cal cual venimos con una apuesta muy grande,donde estamos presentando un tambo robotizado, el ciograno, entre otras iniciativas que destacaremos en nuestro espacio\u201d.<\/p>\n<p>\u201cAgroActiva es una muestra maravillosa para mostrar las \u00faltimas tecnolog\u00edas que se utilizan en el sector agropecuario\u201d, destac\u00f3 Delgado.<\/p>\n<p>Carlos Fascendini<br \/>\nEl ministro de la Producci\u00f3n de Santa Fe, Carlos Fascendini, tambi\u00e9n se mostr\u00f3 satisfecho por la presencia institucional del gobierno santafesino en AgroActiva.<br \/>\n\u201cAgroActiva para nuestra provincia es una de las principales muestras y por eso la hemos apoyado tanto. Por ese motivo el gobernador de nuestra provincia sigue apostando a participar de la muestra agropecuaria para mostrar todo el potencial productivo. En pocos d\u00edas en AgroActiva se re\u00fane todo lo que tiene que ver con las agropartes, sector agroindustrial, comercial y la capacitaci\u00f3n. La provincia de Santa Fe est\u00e1 llevando a cabo el desarrollo productivo sobre las bases, con mucho cuidado en m\u00e1s de noventa asambleas comunitarias. Esa planificaci\u00f3n tiene que tener un cimiento s\u00f3lido que tiene que ver con el desarrollo de la educaci\u00f3n como factor productivo y un fuerte sistema de salud. A partir de ah\u00ed se despliegan los sistemas relacionados a la infraestructura. Estamos edificando el edificio paso por paso. Estamos trabajando en el desarrollo del sector productivo que incluya a los peque\u00f1os y medianos productores a los cuales estamos especialmente dedicados. Sabemos que hay que agregar valor; que hay que industrializar la ruralidad, que tenemos que lograr que cada grano cosechado se convierta en un alimento de calidad que el mundo demanda. En estos eventos comerciales y t\u00e9cnicos son los lugares para la discusi\u00f3n de las pol\u00edticas de estado que necesitamos. Santa Fe marcha en una pol\u00edtica de Estado que va m\u00e1s all\u00e1 de los gobiernos con proyectos planificados hasta 2030 e incluir\u00e1n a las pr\u00f3ximas generaciones\u201d, destac\u00f3 el ministro Fascendini.<\/p>\n<p>\u201cLa Argentina tiene muchos grados de pobreza y lamentablemente nuestro pa\u00eds es muy rico y nuestros suelos muy f\u00e9rtiles, para que esto ocurra. Por eso vamos a bogar para que m\u00e1s eventos como AgroActiva nos ayuden a la convivencia a encontrarnos a discutir, a encontrar soluciones y apostar a la tecnolog\u00eda y el desarrollo. Adem\u00e1s de apostar a un pa\u00eds soberano y m\u00e1s inclusivo\u201d, concluy\u00f3 Fascendini.<\/p>\n","protected":false},"excerpt":{"rendered":"<p>En la localidad santafesina se inaugur\u00f3 oficialmente la 21\u00ba edici\u00f3n de la mega muestra con la participaci\u00f3n del secretario de Agricultura de la Naci\u00f3n, Gabriel Delgado; el ministro de la Producci\u00f3n de Santa Fe, Carlos Fascendini y el jefe comunal de Monje, Pedro Severini; junto a la presidente de AgroActiva, Rosana Nardi. El mi\u00e9rcoles a <a href=\"https:\/\/armstrongyregion.com.ar\/diario\/agroactiva-se-puso-en-marcha-en-monje-y-todos-pidieron-la-unidad-y-el-desarrollo\/\" title=\"Read more\" >&#8230;<\/a><\/p>\n","protected":false},"author":2,"featured_media":2590,"comment_status":"open","ping_status":"open","sticky":false,"template":"","format":"standard","meta":{"_jetpack_memberships_contains_paid_content":false,"footnotes":"","jetpack_publicize_message":"","jetpack_publicize_feature_enabled":true,"jetpack_social_post_already_shared":false,"jetpack_social_options":{"image_generator_settings":{"template":"highway","default_image_id":0,"enabled":false},"version":2}},"categories":[1,3],"tags":[492,1225,16,15,31,276,1949,1950,1948,86,967,202,13],"class_list":["post-2589","post","type-post","status-publish","format-standard","has-post-thumbnail","hentry","category-diario-armstrong","category-region","tag-agroactiva","tag-desarrollo","tag-el","tag-en","tag-la","tag-marcha","tag-monje","tag-pidieron","tag-puso","tag-se","tag-todos","tag-unidad","tag-y"],"jetpack_publicize_connections":[],"jetpack_featured_media_url":"https:\/\/armstrongyregion.com.ar\/diario\/wp-content\/uploads\/2015\/06\/cinta.jpg","jetpack_shortlink":"https:\/\/wp.me\/p62QDO-FL","jetpack_sharing_enabled":true,"amp_enabled":true,"_links":{"self":[{"href":"https:\/\/armstrongyregion.com.ar\/diario\/wp-json\/wp\/v2\/posts\/2589","targetHints":{"allow":["GET"]}}],"collection":[{"href":"https:\/\/armstrongyregion.com.ar\/diario\/wp-json\/wp\/v2\/posts"}],"about":[{"href":"https:\/\/armstrongyregion.com.ar\/diario\/wp-json\/wp\/v2\/types\/post"}],"author":[{"embeddable":true,"href":"https:\/\/armstrongyregion.com.ar\/diario\/wp-json\/wp\/v2\/users\/2"}],"replies":[{"embeddable":true,"href":"https:\/\/armstrongyregion.com.ar\/diario\/wp-json\/wp\/v2\/comments?post=2589"}],"version-history":[{"count":0,"href":"https:\/\/armstrongyregion.com.ar\/diario\/wp-json\/wp\/v2\/posts\/2589\/revisions"}],"wp:featuredmedia":[{"embeddable":true,"href":"https:\/\/armstrongyregion.com.ar\/diario\/wp-json\/wp\/v2\/media\/2590"}],"wp:attachment":[{"href":"https:\/\/armstrongyregion.com.ar\/diario\/wp-json\/wp\/v2\/media?parent=2589"}],"wp:term":[{"taxonomy":"category","embeddable":true,"href":"https:\/\/armstrongyregion.com.ar\/diario\/wp-json\/wp\/v2\/categories?post=2589"},{"taxonomy":"post_tag","embeddable":true,"href":"https:\/\/armstrongyregion.com.ar\/diario\/wp-json\/wp\/v2\/tags?post=2589"}],"curies":[{"name":"wp","href":"https:\/\/api.w.org\/{rel}","templated":true}]}}