{"id":25802,"date":"2020-05-19T12:43:56","date_gmt":"2020-05-19T12:43:56","guid":{"rendered":"https:\/\/armstrongyregion.com.ar\/diario\/?p=25802"},"modified":"2020-05-19T12:43:59","modified_gmt":"2020-05-19T12:43:59","slug":"deliberando-los-invitados-ingeniera-marianella-de-emilio-y-concejal-guillermo-marconi","status":"publish","type":"post","link":"https:\/\/armstrongyregion.com.ar\/diario\/deliberando-los-invitados-ingeniera-marianella-de-emilio-y-concejal-guillermo-marconi\/","title":{"rendered":"Deliberando: Los invitados, Ingeniera Marianella De Emilio y Concejal Guillermo Marconi."},"content":{"rendered":"\n<figure class=\"wp-block-image size-large\"><img loading=\"lazy\" decoding=\"async\" width=\"768\" height=\"442\" src=\"http:\/\/armstrongyregion.com.ar\/diario\/wp-content\/uploads\/2020\/05\/IMG-20200506-WA0352.jpg\" alt=\"\" class=\"wp-image-25803\" srcset=\"https:\/\/armstrongyregion.com.ar\/diario\/wp-content\/uploads\/2020\/05\/IMG-20200506-WA0352.jpg 768w, https:\/\/armstrongyregion.com.ar\/diario\/wp-content\/uploads\/2020\/05\/IMG-20200506-WA0352-300x173.jpg 300w\" sizes=\"auto, (max-width: 768px) 100vw, 768px\" \/><\/figure>\n\n\n\n<p>Este martes en <strong>DELIBERANDO<\/strong>, analizaremos con una especialista la\nsituaci\u00f3n productiva ante el momento que se vive, tendremos en an\u00e1lisis de un\nedil sobre el tema salud y pandemia en la regi\u00f3n.<\/p>\n\n\n\n<p>Vista la situaci\u00f3n que se esta viviendo y las medidas adoptadas la\ningeniera agr\u00f3noma Marianela De Emilio repasar\u00e1 como est\u00e1 la producci\u00f3n en este\nmomento, temas de la charla, precio del petr\u00f3leo, la bajante del Paran\u00e1 y las\nconsecuencias de los embarques.<\/p>\n\n\n\n<p>Tambi\u00e9n dar\u00e1 su parecer sobre los precios, producci\u00f3n de carnes y en\nraz\u00f3n de las diferencias existentes nos hablar\u00e1 de los fitosanitarios. <\/p>\n\n\n\n<figure class=\"wp-block-image size-large\"><img loading=\"lazy\" decoding=\"async\" width=\"768\" height=\"473\" src=\"http:\/\/armstrongyregion.com.ar\/diario\/wp-content\/uploads\/2020\/05\/Guille-Marconi-mayo-2020.jpg\" alt=\"\" class=\"wp-image-25804\" srcset=\"https:\/\/armstrongyregion.com.ar\/diario\/wp-content\/uploads\/2020\/05\/Guille-Marconi-mayo-2020.jpg 768w, https:\/\/armstrongyregion.com.ar\/diario\/wp-content\/uploads\/2020\/05\/Guille-Marconi-mayo-2020-300x185.jpg 300w\" sizes=\"auto, (max-width: 768px) 100vw, 768px\" \/><\/figure>\n\n\n\n<p>En el \u00faltimo bloque cerraremos nuestro programa junto al concejal\nGuillermo Marconi, del del Partido Justicialista. Con quien hablaremos sobre la\npr\u00f3rroga de la ordenanza de fitosanitarios y trataremos temas como su\nparticipaci\u00f3n en el comit\u00e9 de emergencia sanitaria local y solicitaremos un\nan\u00e1lisis sobre econom\u00eda y salud en tiempos de Covid 19.<\/p>\n\n\n\n<p>Todo este martes en DELIBERANDO, con la conducci\u00f3n de la licenciada\nGraciela De la Casa y Oscar Crispino. 21hs Por Cable Imagen Armstrong.<\/p>\n","protected":false},"excerpt":{"rendered":"<p>Este martes en DELIBERANDO, analizaremos con una especialista la situaci\u00f3n productiva ante el momento que se vive, tendremos en an\u00e1lisis de un edil sobre el tema salud y pandemia en la regi\u00f3n. Vista la situaci\u00f3n que se esta viviendo y las medidas adoptadas la ingeniera agr\u00f3noma Marianela De Emilio repasar\u00e1 como est\u00e1 la producci\u00f3n en <a href=\"https:\/\/armstrongyregion.com.ar\/diario\/deliberando-los-invitados-ingeniera-marianella-de-emilio-y-concejal-guillermo-marconi\/\" title=\"Read more\" >&#8230;<\/a><\/p>\n","protected":false},"author":1,"featured_media":25803,"comment_status":"open","ping_status":"open","sticky":false,"template":"","format":"image","meta":{"_jetpack_memberships_contains_paid_content":false,"footnotes":"","jetpack_publicize_message":"","jetpack_publicize_feature_enabled":true,"jetpack_social_post_already_shared":true,"jetpack_social_options":{"image_generator_settings":{"template":"highway","default_image_id":0,"enabled":false},"version":2}},"categories":[8,1,2,7,3],"tags":[],"class_list":["post-25802","post","type-post","status-publish","format-image","has-post-thumbnail","hentry","category-deliberando","category-diario-armstrong","category-locales","category-politica","category-region","post_format-post-format-image"],"jetpack_publicize_connections":[],"jetpack_featured_media_url":"https:\/\/armstrongyregion.com.ar\/diario\/wp-content\/uploads\/2020\/05\/IMG-20200506-WA0352.jpg","jetpack_shortlink":"https:\/\/wp.me\/p62QDO-6Ia","jetpack_sharing_enabled":true,"amp_enabled":true,"_links":{"self":[{"href":"https:\/\/armstrongyregion.com.ar\/diario\/wp-json\/wp\/v2\/posts\/25802","targetHints":{"allow":["GET"]}}],"collection":[{"href":"https:\/\/armstrongyregion.com.ar\/diario\/wp-json\/wp\/v2\/posts"}],"about":[{"href":"https:\/\/armstrongyregion.com.ar\/diario\/wp-json\/wp\/v2\/types\/post"}],"author":[{"embeddable":true,"href":"https:\/\/armstrongyregion.com.ar\/diario\/wp-json\/wp\/v2\/users\/1"}],"replies":[{"embeddable":true,"href":"https:\/\/armstrongyregion.com.ar\/diario\/wp-json\/wp\/v2\/comments?post=25802"}],"version-history":[{"count":1,"href":"https:\/\/armstrongyregion.com.ar\/diario\/wp-json\/wp\/v2\/posts\/25802\/revisions"}],"predecessor-version":[{"id":25805,"href":"https:\/\/armstrongyregion.com.ar\/diario\/wp-json\/wp\/v2\/posts\/25802\/revisions\/25805"}],"wp:featuredmedia":[{"embeddable":true,"href":"https:\/\/armstrongyregion.com.ar\/diario\/wp-json\/wp\/v2\/media\/25803"}],"wp:attachment":[{"href":"https:\/\/armstrongyregion.com.ar\/diario\/wp-json\/wp\/v2\/media?parent=25802"}],"wp:term":[{"taxonomy":"category","embeddable":true,"href":"https:\/\/armstrongyregion.com.ar\/diario\/wp-json\/wp\/v2\/categories?post=25802"},{"taxonomy":"post_tag","embeddable":true,"href":"https:\/\/armstrongyregion.com.ar\/diario\/wp-json\/wp\/v2\/tags?post=25802"}],"curies":[{"name":"wp","href":"https:\/\/api.w.org\/{rel}","templated":true}]}}