{"id":25799,"date":"2020-05-18T14:40:34","date_gmt":"2020-05-18T14:40:34","guid":{"rendered":"https:\/\/armstrongyregion.com.ar\/diario\/?p=25799"},"modified":"2020-05-18T14:40:37","modified_gmt":"2020-05-18T14:40:37","slug":"dia-de-la-escarapela-por-que-se-celebra-hoy-y-cuando-se-uso-por-primera-vez","status":"publish","type":"post","link":"https:\/\/armstrongyregion.com.ar\/diario\/dia-de-la-escarapela-por-que-se-celebra-hoy-y-cuando-se-uso-por-primera-vez\/","title":{"rendered":"D\u00eda de la Escarapela: por qu\u00e9 se celebra hoy y cu\u00e1ndo se uso por primera vez"},"content":{"rendered":"\n<figure class=\"wp-block-image size-large\"><img loading=\"lazy\" decoding=\"async\" width=\"768\" height=\"439\" src=\"http:\/\/armstrongyregion.com.ar\/diario\/wp-content\/uploads\/2020\/05\/Escarapela.jpg\" alt=\"\" class=\"wp-image-25800\" srcset=\"https:\/\/armstrongyregion.com.ar\/diario\/wp-content\/uploads\/2020\/05\/Escarapela.jpg 768w, https:\/\/armstrongyregion.com.ar\/diario\/wp-content\/uploads\/2020\/05\/Escarapela-300x171.jpg 300w\" sizes=\"auto, (max-width: 768px) 100vw, 768px\" \/><\/figure>\n\n\n\n<p> Fue creada en 1812 durante el Primer Triunvirato y se conmemora por una iniciativa del Consejo Nacional de Educaci\u00f3n. <\/p>\n\n\n\n<p>Un poco de su historia: El 18 de febrero de 1812, a pedido de Manuel Belgrano, el Primer Triunvirato instituy\u00f3 la escarapela nacional de las Provincias Unidas del R\u00edo de la Plata, blanca y azul celeste.<\/p>\n\n\n\n<p>Sin embargo, el 18 de mayo de 1935, fue instituido como el D\u00eda de la escarapela por el Consejo Nacional de Educaci\u00f3n. El origen de los colores y las razones por las que fueron elegidos no pueden establecerse con precisi\u00f3n.<\/p>\n\n\n\n<p> Seg\u00fan el ministerio de Educaci\u00f3n de la Naci\u00f3n, entre muchas versiones , afirma que los colores blanco y celeste fueron adoptados por primera vez durante las invasiones inglesas (1806-1807) por los Patricios, el primer cuerpo de milicia urbana del R\u00edo de la Plata y que luego empezaron a popularizarse entre los nativos.\u00a0 <\/p>\n\n\n\n<p>Se dice tambi\u00e9n que la escarapela argentina fue utilizada por primera vez por un grupo de damas de Buenos Aires al presentarse a una entrevista con el entonces coronel Cornelio de Saavedra, jefe del regimiento de Patricios, el 19 de mayo de 1810.<\/p>\n\n\n\n<p>El 27 de febrero de 1812, Manuel Belgrano escribi\u00f3 una carta dirigida al Gobierno Superior de las Provincias Unidas del R\u00edo de la Plata en la que indicaba que tomar\u00eda los colores de la escarapela para la posterior confecci\u00f3n de la bandera nacional .<\/p>\n\n\n\n<p>\u00abSiendo preciso enarbolar Bandera, y no teni\u00e9ndola la mand\u00e9 hacer blanca y celeste conforme a los colores de la escarapela nacional: espero que sea de la aprobaci\u00f3n de V. E.\u00bb, se lee en un fragmento de la carta enviada desde Rosario.\u00a0<\/p>\n\n\n\n<p><strong>\u00bfCu\u00e1ndo se usa?<\/strong><\/p>\n\n\n\n<p>La escarapela se puede usar desde el 18 al 25 de mayo , durante toda la semana que evoca los acontecimientos m\u00e1s importantes que precedieron a la asunci\u00f3n del Primer gobierno patrio, el 25 de mayo. Adem\u00e1s, se usa el 9 de julio por la conmemoraci\u00f3n del D\u00eda de la Independencia.<\/p>\n","protected":false},"excerpt":{"rendered":"<p>Fue creada en 1812 durante el Primer Triunvirato y se conmemora por una iniciativa del Consejo Nacional de Educaci\u00f3n. Un poco de su historia: El 18 de febrero de 1812, a pedido de Manuel Belgrano, el Primer Triunvirato instituy\u00f3 la escarapela nacional de las Provincias Unidas del R\u00edo de la Plata, blanca y azul celeste. <a href=\"https:\/\/armstrongyregion.com.ar\/diario\/dia-de-la-escarapela-por-que-se-celebra-hoy-y-cuando-se-uso-por-primera-vez\/\" title=\"Read more\" >&#8230;<\/a><\/p>\n","protected":false},"author":1,"featured_media":25800,"comment_status":"open","ping_status":"open","sticky":false,"template":"","format":"image","meta":{"_jetpack_memberships_contains_paid_content":false,"footnotes":"","jetpack_publicize_message":"","jetpack_publicize_feature_enabled":true,"jetpack_social_post_already_shared":true,"jetpack_social_options":{"image_generator_settings":{"template":"highway","default_image_id":0,"enabled":false},"version":2}},"categories":[8,1,2,7,3],"tags":[],"class_list":["post-25799","post","type-post","status-publish","format-image","has-post-thumbnail","hentry","category-deliberando","category-diario-armstrong","category-locales","category-politica","category-region","post_format-post-format-image"],"jetpack_publicize_connections":[],"jetpack_featured_media_url":"https:\/\/armstrongyregion.com.ar\/diario\/wp-content\/uploads\/2020\/05\/Escarapela.jpg","jetpack_shortlink":"https:\/\/wp.me\/p62QDO-6I7","jetpack_sharing_enabled":true,"amp_enabled":true,"_links":{"self":[{"href":"https:\/\/armstrongyregion.com.ar\/diario\/wp-json\/wp\/v2\/posts\/25799","targetHints":{"allow":["GET"]}}],"collection":[{"href":"https:\/\/armstrongyregion.com.ar\/diario\/wp-json\/wp\/v2\/posts"}],"about":[{"href":"https:\/\/armstrongyregion.com.ar\/diario\/wp-json\/wp\/v2\/types\/post"}],"author":[{"embeddable":true,"href":"https:\/\/armstrongyregion.com.ar\/diario\/wp-json\/wp\/v2\/users\/1"}],"replies":[{"embeddable":true,"href":"https:\/\/armstrongyregion.com.ar\/diario\/wp-json\/wp\/v2\/comments?post=25799"}],"version-history":[{"count":1,"href":"https:\/\/armstrongyregion.com.ar\/diario\/wp-json\/wp\/v2\/posts\/25799\/revisions"}],"predecessor-version":[{"id":25801,"href":"https:\/\/armstrongyregion.com.ar\/diario\/wp-json\/wp\/v2\/posts\/25799\/revisions\/25801"}],"wp:featuredmedia":[{"embeddable":true,"href":"https:\/\/armstrongyregion.com.ar\/diario\/wp-json\/wp\/v2\/media\/25800"}],"wp:attachment":[{"href":"https:\/\/armstrongyregion.com.ar\/diario\/wp-json\/wp\/v2\/media?parent=25799"}],"wp:term":[{"taxonomy":"category","embeddable":true,"href":"https:\/\/armstrongyregion.com.ar\/diario\/wp-json\/wp\/v2\/categories?post=25799"},{"taxonomy":"post_tag","embeddable":true,"href":"https:\/\/armstrongyregion.com.ar\/diario\/wp-json\/wp\/v2\/tags?post=25799"}],"curies":[{"name":"wp","href":"https:\/\/api.w.org\/{rel}","templated":true}]}}