{"id":25760,"date":"2020-05-14T15:35:29","date_gmt":"2020-05-14T15:35:29","guid":{"rendered":"https:\/\/armstrongyregion.com.ar\/diario\/?p=25760"},"modified":"2020-05-14T15:35:32","modified_gmt":"2020-05-14T15:35:32","slug":"canada-de-gomez-clerici-recorrio-obras-en-el-hospital-san-jose","status":"publish","type":"post","link":"https:\/\/armstrongyregion.com.ar\/diario\/canada-de-gomez-clerici-recorrio-obras-en-el-hospital-san-jose\/","title":{"rendered":"Ca\u00f1ada de Gomez. Clerici recorri\u00f3 obras en el Hospital San Jose."},"content":{"rendered":"\n<figure class=\"wp-block-image size-large\"><img loading=\"lazy\" decoding=\"async\" width=\"768\" height=\"576\" src=\"http:\/\/armstrongyregion.com.ar\/diario\/wp-content\/uploads\/2020\/05\/WhatsApp-Image-2020-05-14-at-10.21.03.jpeg\" alt=\"\" class=\"wp-image-25761\" srcset=\"https:\/\/armstrongyregion.com.ar\/diario\/wp-content\/uploads\/2020\/05\/WhatsApp-Image-2020-05-14-at-10.21.03.jpeg 768w, https:\/\/armstrongyregion.com.ar\/diario\/wp-content\/uploads\/2020\/05\/WhatsApp-Image-2020-05-14-at-10.21.03-300x225.jpeg 300w\" sizes=\"auto, (max-width: 768px) 100vw, 768px\" \/><\/figure>\n\n\n\n<p>Se est\u00e1 cambiando la configuraci\u00f3n de ingreso y egreso de la guardia del efector y se recuper\u00f3 el espacio de Enfermer\u00eda, teniendo a partir de ahora un nuevo espacio sal\u00f3n para capacitaciones y una nueva secci\u00f3n de administraci\u00f3n.<\/p>\n\n\n\n<p>En conjunto el Hospital San Jos\u00e9 y la Municipalidad de Ca\u00f1ada de G\u00f3mez, llevan adelante importantes obras y reformas en el edificio del efector p\u00fablico, continuando las obras de refacci\u00f3n y fortalecimiento de la estructura del Hospital, que&nbsp;permiten&nbsp;recuperar espacio para la Escuela de Enfermer\u00eda, teniendo a partir de ahora un nuevo espacio sal\u00f3n para capacitaciones y una nueva secci\u00f3n de administraci\u00f3n.&nbsp;<\/p>\n\n\n\n<p>Oportunamente se ejecut\u00f3 la impermeabilizaci\u00f3n de los techos de terapia, lo cual permiti\u00f3 ampliar la capacidad de camas.&nbsp;\u201cContinuamos trabajando junto al Hospital en nueva infraestructura que facilitar\u00e1 la atenci\u00f3n a pacientes y trabajo del personal\u201d, expres\u00f3 Cl\u00e9rici al momento de recorrer el avance de las obras junto al director del efector de Salud Dr. Gonzalo&nbsp;Rodriguez.&nbsp;<\/p>\n","protected":false},"excerpt":{"rendered":"<p>Se est\u00e1 cambiando la configuraci\u00f3n de ingreso y egreso de la guardia del efector y se recuper\u00f3 el espacio de Enfermer\u00eda, teniendo a partir de ahora un nuevo espacio sal\u00f3n para capacitaciones y una nueva secci\u00f3n de administraci\u00f3n. En conjunto el Hospital San Jos\u00e9 y la Municipalidad de Ca\u00f1ada de G\u00f3mez, llevan adelante importantes obras <a href=\"https:\/\/armstrongyregion.com.ar\/diario\/canada-de-gomez-clerici-recorrio-obras-en-el-hospital-san-jose\/\" title=\"Read more\" >&#8230;<\/a><\/p>\n","protected":false},"author":1,"featured_media":25761,"comment_status":"open","ping_status":"open","sticky":false,"template":"","format":"image","meta":{"_jetpack_memberships_contains_paid_content":false,"footnotes":"","jetpack_publicize_message":"","jetpack_publicize_feature_enabled":true,"jetpack_social_post_already_shared":true,"jetpack_social_options":{"image_generator_settings":{"template":"highway","default_image_id":0,"enabled":false},"version":2}},"categories":[8,1,7,3],"tags":[],"class_list":["post-25760","post","type-post","status-publish","format-image","has-post-thumbnail","hentry","category-deliberando","category-diario-armstrong","category-politica","category-region","post_format-post-format-image"],"jetpack_publicize_connections":[],"jetpack_featured_media_url":"https:\/\/armstrongyregion.com.ar\/diario\/wp-content\/uploads\/2020\/05\/WhatsApp-Image-2020-05-14-at-10.21.03.jpeg","jetpack_shortlink":"https:\/\/wp.me\/p62QDO-6Hu","jetpack_sharing_enabled":true,"amp_enabled":true,"_links":{"self":[{"href":"https:\/\/armstrongyregion.com.ar\/diario\/wp-json\/wp\/v2\/posts\/25760","targetHints":{"allow":["GET"]}}],"collection":[{"href":"https:\/\/armstrongyregion.com.ar\/diario\/wp-json\/wp\/v2\/posts"}],"about":[{"href":"https:\/\/armstrongyregion.com.ar\/diario\/wp-json\/wp\/v2\/types\/post"}],"author":[{"embeddable":true,"href":"https:\/\/armstrongyregion.com.ar\/diario\/wp-json\/wp\/v2\/users\/1"}],"replies":[{"embeddable":true,"href":"https:\/\/armstrongyregion.com.ar\/diario\/wp-json\/wp\/v2\/comments?post=25760"}],"version-history":[{"count":1,"href":"https:\/\/armstrongyregion.com.ar\/diario\/wp-json\/wp\/v2\/posts\/25760\/revisions"}],"predecessor-version":[{"id":25762,"href":"https:\/\/armstrongyregion.com.ar\/diario\/wp-json\/wp\/v2\/posts\/25760\/revisions\/25762"}],"wp:featuredmedia":[{"embeddable":true,"href":"https:\/\/armstrongyregion.com.ar\/diario\/wp-json\/wp\/v2\/media\/25761"}],"wp:attachment":[{"href":"https:\/\/armstrongyregion.com.ar\/diario\/wp-json\/wp\/v2\/media?parent=25760"}],"wp:term":[{"taxonomy":"category","embeddable":true,"href":"https:\/\/armstrongyregion.com.ar\/diario\/wp-json\/wp\/v2\/categories?post=25760"},{"taxonomy":"post_tag","embeddable":true,"href":"https:\/\/armstrongyregion.com.ar\/diario\/wp-json\/wp\/v2\/tags?post=25760"}],"curies":[{"name":"wp","href":"https:\/\/api.w.org\/{rel}","templated":true}]}}