{"id":25731,"date":"2020-05-12T23:19:10","date_gmt":"2020-05-12T23:19:10","guid":{"rendered":"https:\/\/armstrongyregion.com.ar\/diario\/?p=25731"},"modified":"2020-05-12T23:26:32","modified_gmt":"2020-05-12T23:26:32","slug":"proyecto-para-reducir-sueldo-de-funcionarios-politicos-municipales-de-las-rosas","status":"publish","type":"post","link":"https:\/\/armstrongyregion.com.ar\/diario\/proyecto-para-reducir-sueldo-de-funcionarios-politicos-municipales-de-las-rosas\/","title":{"rendered":"Proyecto para reducir sueldo de funcionarios pol\u00edticos municipales de Las Rosas"},"content":{"rendered":"\n<figure class=\"wp-block-image size-large\"><img loading=\"lazy\" decoding=\"async\" width=\"768\" height=\"515\" src=\"http:\/\/armstrongyregion.com.ar\/diario\/wp-content\/uploads\/2019\/08\/Pao-Riccardi-agosto-19.jpg\" alt=\"\" class=\"wp-image-22700\" srcset=\"https:\/\/armstrongyregion.com.ar\/diario\/wp-content\/uploads\/2019\/08\/Pao-Riccardi-agosto-19.jpg 768w, https:\/\/armstrongyregion.com.ar\/diario\/wp-content\/uploads\/2019\/08\/Pao-Riccardi-agosto-19-300x201.jpg 300w\" sizes=\"auto, (max-width: 768px) 100vw, 768px\" \/><\/figure>\n\n\n\n<h2 class=\"wp-block-heading\"> La propuesta, presentada por la Concejal Paola Riccardi, ingres\u00f3 al Concejo y pas\u00f3 a estudio en comisi\u00f3n. Contempla la medida por un tiempo de tres meses. <\/h2>\n\n\n\n<p><\/p>\n\n\n\n<figure class=\"wp-block-audio\"><audio controls src=\"http:\/\/armstrongyregion.com.ar\/diario\/wp-content\/uploads\/2020\/05\/multimedia.audio_.ad4a8d775c86982c.6d756c74696d656469612e617564696f2e6266386663656533623464643438662e6d7033-2.mp3\"><\/audio><\/figure>\n\n\n\n<p><\/p>\n\n\n\n<p>El descuento ser\u00eda del 50 % del sueldo b\u00e1sico para el intendente, 40 % para personal de gabinete en secretar\u00edas y direcciones municipales, y 25% por ciento para concejales. Tendr\u00eda vigencias para los meses de mayo, junio y julio de 2020.<\/p>\n\n\n\n<p>Seg\u00fan la edil Paola Riccardi&nbsp;<em>\u00absiguiendo los lineamientos del Gobernador Perotti en Santa Fe, y teniendo en cuenta que la mayor\u00eda de los sectores de la sociedad han visto menguados sus ingresos, ya que gran parte de nuestros vecinos tuvieron que cerrar sus comercios, vi\u00e9ndose privados de poder realizar sus actividades laborales, as\u00ed como muchos empleados en relaci\u00f3n de dependencia sufrieron reducci\u00f3n de sus sueldos por diferentes circunstancias, es necesario adoptar medidas adicionales con una reducci\u00f3n de los salarios de la totalidad de los funcionarios p\u00fablicos que integran los poderes Ejecutivo como el Legislativo. La clase pol\u00edtica no puede quedar ajena a esta situaci\u00f3n\u00bb.<\/em><\/p>\n\n\n\n<p>Las Rosas Digital.<\/p>\n","protected":false},"excerpt":{"rendered":"<p>La propuesta, presentada por la Concejal Paola Riccardi, ingres\u00f3 al Concejo y pas\u00f3 a estudio en comisi\u00f3n. Contempla la medida por un tiempo de tres meses. El descuento ser\u00eda del 50 % del sueldo b\u00e1sico para el intendente, 40 % para personal de gabinete en secretar\u00edas y direcciones municipales, y 25% por ciento para concejales. <a href=\"https:\/\/armstrongyregion.com.ar\/diario\/proyecto-para-reducir-sueldo-de-funcionarios-politicos-municipales-de-las-rosas\/\" title=\"Read more\" >&#8230;<\/a><\/p>\n","protected":false},"author":1,"featured_media":22700,"comment_status":"open","ping_status":"open","sticky":false,"template":"","format":"image","meta":{"_jetpack_memberships_contains_paid_content":false,"footnotes":"","jetpack_publicize_message":"","jetpack_publicize_feature_enabled":true,"jetpack_social_post_already_shared":true,"jetpack_social_options":{"image_generator_settings":{"template":"highway","default_image_id":0,"enabled":false},"version":2}},"categories":[8,1,7,3],"tags":[],"class_list":["post-25731","post","type-post","status-publish","format-image","has-post-thumbnail","hentry","category-deliberando","category-diario-armstrong","category-politica","category-region","post_format-post-format-image"],"jetpack_publicize_connections":[],"jetpack_featured_media_url":"https:\/\/armstrongyregion.com.ar\/diario\/wp-content\/uploads\/2019\/08\/Pao-Riccardi-agosto-19.jpg","jetpack_shortlink":"https:\/\/wp.me\/p62QDO-6H1","jetpack_sharing_enabled":true,"amp_enabled":true,"_links":{"self":[{"href":"https:\/\/armstrongyregion.com.ar\/diario\/wp-json\/wp\/v2\/posts\/25731","targetHints":{"allow":["GET"]}}],"collection":[{"href":"https:\/\/armstrongyregion.com.ar\/diario\/wp-json\/wp\/v2\/posts"}],"about":[{"href":"https:\/\/armstrongyregion.com.ar\/diario\/wp-json\/wp\/v2\/types\/post"}],"author":[{"embeddable":true,"href":"https:\/\/armstrongyregion.com.ar\/diario\/wp-json\/wp\/v2\/users\/1"}],"replies":[{"embeddable":true,"href":"https:\/\/armstrongyregion.com.ar\/diario\/wp-json\/wp\/v2\/comments?post=25731"}],"version-history":[{"count":4,"href":"https:\/\/armstrongyregion.com.ar\/diario\/wp-json\/wp\/v2\/posts\/25731\/revisions"}],"predecessor-version":[{"id":25740,"href":"https:\/\/armstrongyregion.com.ar\/diario\/wp-json\/wp\/v2\/posts\/25731\/revisions\/25740"}],"wp:featuredmedia":[{"embeddable":true,"href":"https:\/\/armstrongyregion.com.ar\/diario\/wp-json\/wp\/v2\/media\/22700"}],"wp:attachment":[{"href":"https:\/\/armstrongyregion.com.ar\/diario\/wp-json\/wp\/v2\/media?parent=25731"}],"wp:term":[{"taxonomy":"category","embeddable":true,"href":"https:\/\/armstrongyregion.com.ar\/diario\/wp-json\/wp\/v2\/categories?post=25731"},{"taxonomy":"post_tag","embeddable":true,"href":"https:\/\/armstrongyregion.com.ar\/diario\/wp-json\/wp\/v2\/tags?post=25731"}],"curies":[{"name":"wp","href":"https:\/\/api.w.org\/{rel}","templated":true}]}}