{"id":25708,"date":"2020-05-10T14:27:56","date_gmt":"2020-05-10T14:27:56","guid":{"rendered":"https:\/\/armstrongyregion.com.ar\/diario\/?p=25708"},"modified":"2020-05-10T14:28:00","modified_gmt":"2020-05-10T14:28:00","slug":"un-policia-fue-atacado-y-herido-por-dos-camioneros-en-un-control-de-transito","status":"publish","type":"post","link":"https:\/\/armstrongyregion.com.ar\/diario\/un-policia-fue-atacado-y-herido-por-dos-camioneros-en-un-control-de-transito\/","title":{"rendered":"Un polic\u00eda fue atacado y herido por dos camioneros en un control de tr\u00e1nsito"},"content":{"rendered":"\n<figure class=\"wp-block-image size-large\"><img loading=\"lazy\" decoding=\"async\" width=\"642\" height=\"411\" src=\"http:\/\/armstrongyregion.com.ar\/diario\/wp-content\/uploads\/2020\/05\/0028249059.jpg\" alt=\"\" class=\"wp-image-25709\" srcset=\"https:\/\/armstrongyregion.com.ar\/diario\/wp-content\/uploads\/2020\/05\/0028249059.jpg 642w, https:\/\/armstrongyregion.com.ar\/diario\/wp-content\/uploads\/2020\/05\/0028249059-300x192.jpg 300w\" sizes=\"auto, (max-width: 642px) 100vw, 642px\" \/><\/figure>\n\n\n\n<h2 class=\"wp-block-heading\"> Ocurri\u00f3 la noche del viernes en la zona de Ricardone. El uniformado fue agredido con un machete y los choferes quedaron detenidos. <\/h2>\n\n\n\n<p>Dos hombre oriundos de la ciudad de Armstrong, ubicada a 90 kil\u00f3metros al oeste de Rosario, fueron detenidos la noche del viernes en el cruce de las rutas A-012 y 10, en jurisdicci\u00f3n de Ricardone, despu\u00e9s de atacar con un machete a un empleado policial que estaba derivando el tr\u00e1nsito de camiones que llegan a la zona portuaria del Cord\u00f3n Industrial para as\u00ed evitar el colapso de las rutas de la regi\u00f3n.<\/p>\n\n\n\n<p>Como consecuencia del hecho los apresados, padre e hijo, ser\u00e1n imputados por lesiones y resistencia a la autoridad en una audiencia que se llevar\u00e1 adelante entre hoy y ma\u00f1ana por medio de videoconferencia en los Tribunales de la ciudad de San Lorenzo.<\/p>\n\n\n\n<p><strong>Desv\u00edo con problemas<\/strong><\/p>\n\n\n\n<p><\/p>\n\n\n\n<p>Todo empez\u00f3 alrededor de las 20 del viernes cuando una dotaci\u00f3n de agentes de la Unidad Regional XVII estaba controlando el fluido tr\u00e1nsito de camiones que en esta \u00e9poca del a\u00f1o llega a los puertos de las localidades ubicadas al norte de Rosario para descargar la cosecha. En ese marco, dijeron fuentes oficiales, dos pesados veh\u00edculos al mando de Javier Daniel R., de 32 a\u00f1os; y su padre, Juan Oscar R., de 66, pretendieron abandonar la extensa fila de camiones que se hab\u00eda formado para as\u00ed evitar el desv\u00edo que la polic\u00eda indicaba que ten\u00edan que hacer hacia la autopista Rosario-Sante Fe.<\/p>\n\n\n\n<p>Entonces un suboficial orden\u00f3 que ambos conductores detengan la marcha y ambos lo hicieron, pero bajaron de los rodados sumamente ofuscados y \u00abfueron directamente a insultar y agredir al efectivo\u00bb, seg\u00fan un vocero de la investigaci\u00f3n.<\/p>\n\n\n\n<p>Superado por la situaci\u00f3n el polic\u00eda que estaba a cargo del procedimiento pidi\u00f3 refuerzos y fue en ese momento que Javier R. volvi\u00f3 a su cami\u00f3n, extrajo un machete y fue a la carga contra el uniformado, a quien le no s\u00f3lo le provoc\u00f3 un profundo corte en una mano sino tambi\u00e9n que en un forcejeo le sustrajo el arma reglamentaria.<\/p>\n\n\n\n<p>La situaci\u00f3n fue avistada por otros camioneros que no dudaron en bajar de sus veh\u00edculos y tratar de contener a sus colegas, quienes finalmente fueron reducidos y apresados por las patrullas de refuerzo que llegaron al lugar.<\/p>\n\n\n\n<p>As\u00ed las cosas, por orden del fiscal Maximiliano Nicosia ambos choferes fueron detenidos y trasladados a la alcaid\u00eda de la Unidad Regional XVII a la espera de la audiencia imputativa de rigor, mientras que el suboficial herido tuvo que ser atendido en el Samco de la localidad de Ricardone por la herida cortante sufrida en una mano.<\/p>\n\n\n\n<p>Finalmente, el mismo fiscal Nicosia orden\u00f3 el secuestro preventivo del machete con el que se cometi\u00f3 la agresi\u00f3n y los camiones conducidos por los dos hombres involucrados en el ataque: un Mercedes Benz 1620 dominio UUH098 con acoplado Montenegro dominio UTY060 y un Dodge 1000 dominio TNU385 con acoplado Salto dominio TAZ210.<\/p>\n\n\n\n<p>Para sorpresa de los pesquisas, cuando requisaron el interior del segundo de los veh\u00edculos hallaron un rev\u00f3lver calibre 22 largo marca Paper con su numeraci\u00f3n visible y ocho proyectiles en sus alv\u00e9olos, aunque las fuentes dijeron que el due\u00f1o del rodado habr\u00eda exhibido la documentaci\u00f3n pertinente a la tenencia y portaci\u00f3n del arma por lo que no ser\u00eda imputado por ese delito.<\/p>\n\n\n\n<p>Fuente: Diario La Capital<\/p>\n","protected":false},"excerpt":{"rendered":"<p>Ocurri\u00f3 la noche del viernes en la zona de Ricardone. El uniformado fue agredido con un machete y los choferes quedaron detenidos. Dos hombre oriundos de la ciudad de Armstrong, ubicada a 90 kil\u00f3metros al oeste de Rosario, fueron detenidos la noche del viernes en el cruce de las rutas A-012 y 10, en jurisdicci\u00f3n <a href=\"https:\/\/armstrongyregion.com.ar\/diario\/un-policia-fue-atacado-y-herido-por-dos-camioneros-en-un-control-de-transito\/\" title=\"Read more\" >&#8230;<\/a><\/p>\n","protected":false},"author":1,"featured_media":25709,"comment_status":"open","ping_status":"open","sticky":false,"template":"","format":"image","meta":{"_jetpack_memberships_contains_paid_content":false,"footnotes":"","jetpack_publicize_message":"","jetpack_publicize_feature_enabled":true,"jetpack_social_post_already_shared":true,"jetpack_social_options":{"image_generator_settings":{"template":"highway","default_image_id":0,"enabled":false},"version":2}},"categories":[8,1,2852,3],"tags":[],"class_list":["post-25708","post","type-post","status-publish","format-image","has-post-thumbnail","hentry","category-deliberando","category-diario-armstrong","category-policiales","category-region","post_format-post-format-image"],"jetpack_publicize_connections":[],"jetpack_featured_media_url":"https:\/\/armstrongyregion.com.ar\/diario\/wp-content\/uploads\/2020\/05\/0028249059.jpg","jetpack_shortlink":"https:\/\/wp.me\/p62QDO-6GE","jetpack_sharing_enabled":true,"amp_enabled":true,"_links":{"self":[{"href":"https:\/\/armstrongyregion.com.ar\/diario\/wp-json\/wp\/v2\/posts\/25708","targetHints":{"allow":["GET"]}}],"collection":[{"href":"https:\/\/armstrongyregion.com.ar\/diario\/wp-json\/wp\/v2\/posts"}],"about":[{"href":"https:\/\/armstrongyregion.com.ar\/diario\/wp-json\/wp\/v2\/types\/post"}],"author":[{"embeddable":true,"href":"https:\/\/armstrongyregion.com.ar\/diario\/wp-json\/wp\/v2\/users\/1"}],"replies":[{"embeddable":true,"href":"https:\/\/armstrongyregion.com.ar\/diario\/wp-json\/wp\/v2\/comments?post=25708"}],"version-history":[{"count":1,"href":"https:\/\/armstrongyregion.com.ar\/diario\/wp-json\/wp\/v2\/posts\/25708\/revisions"}],"predecessor-version":[{"id":25710,"href":"https:\/\/armstrongyregion.com.ar\/diario\/wp-json\/wp\/v2\/posts\/25708\/revisions\/25710"}],"wp:featuredmedia":[{"embeddable":true,"href":"https:\/\/armstrongyregion.com.ar\/diario\/wp-json\/wp\/v2\/media\/25709"}],"wp:attachment":[{"href":"https:\/\/armstrongyregion.com.ar\/diario\/wp-json\/wp\/v2\/media?parent=25708"}],"wp:term":[{"taxonomy":"category","embeddable":true,"href":"https:\/\/armstrongyregion.com.ar\/diario\/wp-json\/wp\/v2\/categories?post=25708"},{"taxonomy":"post_tag","embeddable":true,"href":"https:\/\/armstrongyregion.com.ar\/diario\/wp-json\/wp\/v2\/tags?post=25708"}],"curies":[{"name":"wp","href":"https:\/\/api.w.org\/{rel}","templated":true}]}}