{"id":25674,"date":"2020-05-06T14:37:06","date_gmt":"2020-05-06T14:37:06","guid":{"rendered":"https:\/\/armstrongyregion.com.ar\/diario\/?p=25674"},"modified":"2020-05-06T14:37:10","modified_gmt":"2020-05-06T14:37:10","slug":"canada-habilita-desde-hoy-nuevas-actividades","status":"publish","type":"post","link":"https:\/\/armstrongyregion.com.ar\/diario\/canada-habilita-desde-hoy-nuevas-actividades\/","title":{"rendered":"Ca\u00f1ada habilita desde hoy nuevas actividades."},"content":{"rendered":"\n<figure class=\"wp-block-image size-large\"><img loading=\"lazy\" decoding=\"async\" width=\"767\" height=\"431\" src=\"http:\/\/armstrongyregion.com.ar\/diario\/wp-content\/uploads\/2020\/05\/canada_gomez.jpg\" alt=\"\" class=\"wp-image-25675\" srcset=\"https:\/\/armstrongyregion.com.ar\/diario\/wp-content\/uploads\/2020\/05\/canada_gomez.jpg 767w, https:\/\/armstrongyregion.com.ar\/diario\/wp-content\/uploads\/2020\/05\/canada_gomez-300x169.jpg 300w\" sizes=\"auto, (max-width: 767px) 100vw, 767px\" \/><\/figure>\n\n\n\n<p>La Municipalidad de Ca\u00f1ada de G\u00f3mez adhiri\u00f3, ad refer\u00e9ndum del Concejo, al \u00faltimo decreto Provincial, por las que se permiten desarrollar nuevas actividades, siempre con el cumplimiento de los protocolos de seguridad e higiene correspondientes.<\/p>\n\n\n\n<p>La Municipalidad de Ca\u00f1ada de G\u00f3mez, a trav\u00e9s del decreto n\u00b06198, ad refer\u00e9ndum del Concejo, adhiri\u00f3 al Decreto Provincial 382\/2020, conforme a los cuales se incorporan, luego de las gestiones realizadas desde el Comit\u00e9 de Seguimiento Sanitario, como actividades autorizadas las siguientes:<\/p>\n\n\n\n<p>a)&nbsp;&nbsp;&nbsp;&nbsp;&nbsp;&nbsp;&nbsp;Ejercicio de profesiones liberales, incluidos mandatarios, corredores y martilleros debidamente matriculados e inscriptos: disponiendo la organizaci\u00f3n de turnos de atenci\u00f3n, si correspondiere, y modos de trabajo y de traslado que garanticen las medidas de distanciamiento e higiene necesarias para disminuir el riesgo de contagio del coronavirus COVID-19.<\/p>\n\n\n\n<p>Los desplazamientos de las personas alcanzadas por el presente inciso deber\u00e1n limitarse al estricto cumplimiento de las actividades profesionales exceptuadas por la presente, que se autorizan en d\u00edas y horas an\u00e1logos a los establecidos para las entidades bancarias en la localidad;<\/p>\n\n\n\n<p>D\u00edas y Horario de funcionamiento: de lunes a viernes de 7:00 a 12:00 hs.<\/p>\n\n\n\n<p>b)&nbsp;&nbsp;&nbsp;&nbsp;&nbsp;&nbsp;Actividad inmobiliaria: con turno previamente establecido, cumplimentando las medidas de prevenci\u00f3n sanitaria y el distanciamiento personal, con ingreso a los locales comerciales exclusivamente en los casos en que fuere indispensable la concurrencia en virtud de que la operaci\u00f3n a realizar no puede concretarse de manera remota. A los fines de visitas a inmuebles, los mismos deber\u00e1n estar desocupados, solo podr\u00e1 concurrir un (1) representante de la firma y acompa\u00f1ar a una (1) persona por vez, cumplimentando el uso de los elementos de protecci\u00f3n de nariz, boca y ment\u00f3n y guardando el distanciamiento personal;<\/p>\n\n\n\n<p>D\u00edas y Horario de funcionamiento: de lunes a s\u00e1bados de 11:00 a 17:00 hs.<\/p>\n\n\n\n<p>c)&nbsp;&nbsp;&nbsp;&nbsp;&nbsp;&nbsp;&nbsp;<em>&nbsp;<\/em>Mudanzas: a trav\u00e9s de empresas o fletes autorizados para la actividad, exclusivamente dentro de la provincia; resguardando el cumplimiento de las recomendaciones y obligaciones dictadas por las autoridades sanitarias y el distanciamiento personal;<\/p>\n\n\n\n<p>D\u00edas y Horario de funcionamiento: de lunes a s\u00e1bados de 11:00 a 17:00 hs.<\/p>\n\n\n\n<p>&nbsp;&nbsp;&nbsp;&nbsp;&nbsp;&nbsp;&nbsp; d) &nbsp;&nbsp;&nbsp;&nbsp;Servicios de peluquer\u00eda, manicur\u00eda, cosmetolog\u00eda y podolog\u00eda: con turno previo, cumplimentando el uso obligatorio de los elementos de protecci\u00f3n de nariz, boca y ment\u00f3n y el distanciamiento personal, con no m\u00e1s de dos (2) personas por puesto de trabajo incluido el prestador del servicio, hasta un m\u00e1ximo de ocupaci\u00f3n del cincuenta por ciento (50%) de la superficie del sal\u00f3n habilitado al p\u00fablico;<\/p>\n\n\n\n<p>D\u00edas y Horario de funcionamiento: de lunes a s\u00e1bados de 11:00 a 17:00 hs.<\/p>\n\n\n\n<p>&nbsp;&nbsp;&nbsp;&nbsp;&nbsp;&nbsp;&nbsp;&nbsp;&nbsp; e) &nbsp;&nbsp;&nbsp;&nbsp;&nbsp;Actividades de las Asociaciones y Agencias para el Desarrollo o entidades de similar objeto: exclusivamente a los fines establecidos en el Decreto N\u00b0 0355\/20 y reg\u00edmenes an\u00e1logos, a puertas cerradas, con la dotaci\u00f3n m\u00ednima de personal necesario, cumplimentando las medidas de prevenci\u00f3n sanitarias y el distanciamiento personal, con ingreso a las oficinas de personas ajenas con turno previo, en los casos en que fuere indispensable la concurrencia en virtud de que la operaci\u00f3n a realizar no puede concretarse de manera remota;<\/p>\n\n\n\n<p>D\u00edas y Horario de funcionamiento: de lunes a viernes de 11:00 a 17:00 hs.<\/p>\n\n\n\n<p>&nbsp;&nbsp;&nbsp;&nbsp;&nbsp;&nbsp;&nbsp;&nbsp;&nbsp;&nbsp; f)&nbsp;&nbsp;&nbsp;&nbsp; &nbsp;&nbsp;Comercio mayorista y comercio minorista de venta de mercader\u00edas: cumplimentando el uso obligatorio de los elementos de protecci\u00f3n de nariz, boca y ment\u00f3n y el distanciamiento social en las filas que se formen y en el interior de los locales comerciales.<\/p>\n\n\n\n<p>D\u00edas y Horario de funcionamiento: de lunes a s\u00e1bados de 11:00 a 17:00 hs.<\/p>\n\n\n\n<p>La normativa provincial establece que, en las localidades con m\u00e1s de 20.000 habitantes, los horarios que establezcan las municipalidades para el funcionamiento del comercio mayorista y minorista, no podr\u00e1n coincidir ni superponerse con los de la actividad bancaria en la localidad. En funci\u00f3n de lo ello, se ha considerado prudente y conveniente fijar el margen horario para la actividad comercial a partir de las 11:00 hs y hasta las 17:00 hs.; atento las particularidades propias de la localidad.<\/p>\n\n\n\n<p>Los desplazamientos de las personas alcanzadas por el presente art\u00edculo deber\u00e1n limitarse al estricto cumplimiento de las actividades y servicios exceptuados, debiendo tramitar el Certificado o Permiso para Circulaci\u00f3n correspondiente.<\/p>\n\n\n\n<p>En todos los casos de actividades exceptuadas de la prohibici\u00f3n de aislamiento, se deber\u00e1n observar las recomendaciones e instrucciones de la autoridad sanitaria, como as\u00ed tambi\u00e9n implementar los protocolos espec\u00edficos para cada actividad dispuestos por el Ministerio de Producci\u00f3n, Ciencia y Tecnolog\u00eda de la Provincia de Santa Fe.<br><\/p>\n","protected":false},"excerpt":{"rendered":"<p>La Municipalidad de Ca\u00f1ada de G\u00f3mez adhiri\u00f3, ad refer\u00e9ndum del Concejo, al \u00faltimo decreto Provincial, por las que se permiten desarrollar nuevas actividades, siempre con el cumplimiento de los protocolos de seguridad e higiene correspondientes. La Municipalidad de Ca\u00f1ada de G\u00f3mez, a trav\u00e9s del decreto n\u00b06198, ad refer\u00e9ndum del Concejo, adhiri\u00f3 al Decreto Provincial 382\/2020, <a href=\"https:\/\/armstrongyregion.com.ar\/diario\/canada-habilita-desde-hoy-nuevas-actividades\/\" title=\"Read more\" >&#8230;<\/a><\/p>\n","protected":false},"author":1,"featured_media":25675,"comment_status":"open","ping_status":"open","sticky":false,"template":"","format":"image","meta":{"_jetpack_memberships_contains_paid_content":false,"footnotes":"","jetpack_publicize_message":"","jetpack_publicize_feature_enabled":true,"jetpack_social_post_already_shared":true,"jetpack_social_options":{"image_generator_settings":{"template":"highway","default_image_id":0,"enabled":false},"version":2}},"categories":[8,1,7,3],"tags":[],"class_list":["post-25674","post","type-post","status-publish","format-image","has-post-thumbnail","hentry","category-deliberando","category-diario-armstrong","category-politica","category-region","post_format-post-format-image"],"jetpack_publicize_connections":[],"jetpack_featured_media_url":"https:\/\/armstrongyregion.com.ar\/diario\/wp-content\/uploads\/2020\/05\/canada_gomez.jpg","jetpack_shortlink":"https:\/\/wp.me\/p62QDO-6G6","jetpack_sharing_enabled":true,"amp_enabled":true,"_links":{"self":[{"href":"https:\/\/armstrongyregion.com.ar\/diario\/wp-json\/wp\/v2\/posts\/25674","targetHints":{"allow":["GET"]}}],"collection":[{"href":"https:\/\/armstrongyregion.com.ar\/diario\/wp-json\/wp\/v2\/posts"}],"about":[{"href":"https:\/\/armstrongyregion.com.ar\/diario\/wp-json\/wp\/v2\/types\/post"}],"author":[{"embeddable":true,"href":"https:\/\/armstrongyregion.com.ar\/diario\/wp-json\/wp\/v2\/users\/1"}],"replies":[{"embeddable":true,"href":"https:\/\/armstrongyregion.com.ar\/diario\/wp-json\/wp\/v2\/comments?post=25674"}],"version-history":[{"count":1,"href":"https:\/\/armstrongyregion.com.ar\/diario\/wp-json\/wp\/v2\/posts\/25674\/revisions"}],"predecessor-version":[{"id":25676,"href":"https:\/\/armstrongyregion.com.ar\/diario\/wp-json\/wp\/v2\/posts\/25674\/revisions\/25676"}],"wp:featuredmedia":[{"embeddable":true,"href":"https:\/\/armstrongyregion.com.ar\/diario\/wp-json\/wp\/v2\/media\/25675"}],"wp:attachment":[{"href":"https:\/\/armstrongyregion.com.ar\/diario\/wp-json\/wp\/v2\/media?parent=25674"}],"wp:term":[{"taxonomy":"category","embeddable":true,"href":"https:\/\/armstrongyregion.com.ar\/diario\/wp-json\/wp\/v2\/categories?post=25674"},{"taxonomy":"post_tag","embeddable":true,"href":"https:\/\/armstrongyregion.com.ar\/diario\/wp-json\/wp\/v2\/tags?post=25674"}],"curies":[{"name":"wp","href":"https:\/\/api.w.org\/{rel}","templated":true}]}}