{"id":25669,"date":"2020-05-05T16:47:20","date_gmt":"2020-05-05T16:47:20","guid":{"rendered":"https:\/\/armstrongyregion.com.ar\/diario\/?p=25669"},"modified":"2020-05-05T16:53:07","modified_gmt":"2020-05-05T16:53:07","slug":"deliberando-intendente-de-las-rosas-javier-meyer","status":"publish","type":"post","link":"https:\/\/armstrongyregion.com.ar\/diario\/deliberando-intendente-de-las-rosas-javier-meyer\/","title":{"rendered":"Deliberando: Intendente de Las Rosas Javier Meyer."},"content":{"rendered":"\n<figure class=\"wp-block-image size-large\"><img loading=\"lazy\" decoding=\"async\" width=\"768\" height=\"479\" src=\"http:\/\/armstrongyregion.com.ar\/diario\/wp-content\/uploads\/2020\/05\/Meyer-Javier-Mayo-2020.jpg\" alt=\"\" class=\"wp-image-25670\" srcset=\"https:\/\/armstrongyregion.com.ar\/diario\/wp-content\/uploads\/2020\/05\/Meyer-Javier-Mayo-2020.jpg 768w, https:\/\/armstrongyregion.com.ar\/diario\/wp-content\/uploads\/2020\/05\/Meyer-Javier-Mayo-2020-300x187.jpg 300w\" sizes=\"auto, (max-width: 768px) 100vw, 768px\" \/><\/figure>\n\n\n\n<p>En la noche de Hoy, participara en Deliberando el intendente de la ciudad cabecera de departamento, Javier Meyer.<\/p>\n\n\n\n<p>Quien nos informara sobre temas que tienen que ver con el\nejecutivo municipal, proyectos en obra p\u00fablica que se retoman, partidas\nprovinciales y presupuesto municipal, actividades y rol de acci\u00f3n social en los\ntiempos que corren.<\/p>\n\n\n\n<p>Tambi\u00e9n abordaremos la tem\u00e1tica de salud en la ciudad rosense\ndurante el confinamiento obligatorio por COVID 19.<\/p>\n\n\n\n<p>Deliberando: Martes 5 de mayo, 21hs Por Cable Imagen\nArmstrong.<\/p>\n","protected":false},"excerpt":{"rendered":"<p>En la noche de Hoy, participara en Deliberando el intendente de la ciudad cabecera de departamento, Javier Meyer. Quien nos informara sobre temas que tienen que ver con el ejecutivo municipal, proyectos en obra p\u00fablica que se retoman, partidas provinciales y presupuesto municipal, actividades y rol de acci\u00f3n social en los tiempos que corren. Tambi\u00e9n <a href=\"https:\/\/armstrongyregion.com.ar\/diario\/deliberando-intendente-de-las-rosas-javier-meyer\/\" title=\"Read more\" >&#8230;<\/a><\/p>\n","protected":false},"author":1,"featured_media":25670,"comment_status":"open","ping_status":"open","sticky":false,"template":"","format":"image","meta":{"_jetpack_memberships_contains_paid_content":false,"footnotes":"","jetpack_publicize_message":"","jetpack_publicize_feature_enabled":true,"jetpack_social_post_already_shared":true,"jetpack_social_options":{"image_generator_settings":{"template":"highway","default_image_id":0,"enabled":false},"version":2}},"categories":[8,1,7,3],"tags":[],"class_list":["post-25669","post","type-post","status-publish","format-image","has-post-thumbnail","hentry","category-deliberando","category-diario-armstrong","category-politica","category-region","post_format-post-format-image"],"jetpack_publicize_connections":[],"jetpack_featured_media_url":"https:\/\/armstrongyregion.com.ar\/diario\/wp-content\/uploads\/2020\/05\/Meyer-Javier-Mayo-2020.jpg","jetpack_shortlink":"https:\/\/wp.me\/p62QDO-6G1","jetpack_sharing_enabled":true,"amp_enabled":true,"_links":{"self":[{"href":"https:\/\/armstrongyregion.com.ar\/diario\/wp-json\/wp\/v2\/posts\/25669","targetHints":{"allow":["GET"]}}],"collection":[{"href":"https:\/\/armstrongyregion.com.ar\/diario\/wp-json\/wp\/v2\/posts"}],"about":[{"href":"https:\/\/armstrongyregion.com.ar\/diario\/wp-json\/wp\/v2\/types\/post"}],"author":[{"embeddable":true,"href":"https:\/\/armstrongyregion.com.ar\/diario\/wp-json\/wp\/v2\/users\/1"}],"replies":[{"embeddable":true,"href":"https:\/\/armstrongyregion.com.ar\/diario\/wp-json\/wp\/v2\/comments?post=25669"}],"version-history":[{"count":3,"href":"https:\/\/armstrongyregion.com.ar\/diario\/wp-json\/wp\/v2\/posts\/25669\/revisions"}],"predecessor-version":[{"id":25673,"href":"https:\/\/armstrongyregion.com.ar\/diario\/wp-json\/wp\/v2\/posts\/25669\/revisions\/25673"}],"wp:featuredmedia":[{"embeddable":true,"href":"https:\/\/armstrongyregion.com.ar\/diario\/wp-json\/wp\/v2\/media\/25670"}],"wp:attachment":[{"href":"https:\/\/armstrongyregion.com.ar\/diario\/wp-json\/wp\/v2\/media?parent=25669"}],"wp:term":[{"taxonomy":"category","embeddable":true,"href":"https:\/\/armstrongyregion.com.ar\/diario\/wp-json\/wp\/v2\/categories?post=25669"},{"taxonomy":"post_tag","embeddable":true,"href":"https:\/\/armstrongyregion.com.ar\/diario\/wp-json\/wp\/v2\/tags?post=25669"}],"curies":[{"name":"wp","href":"https:\/\/api.w.org\/{rel}","templated":true}]}}