{"id":25665,"date":"2020-05-04T22:11:14","date_gmt":"2020-05-04T22:11:14","guid":{"rendered":"https:\/\/armstrongyregion.com.ar\/diario\/?p=25665"},"modified":"2020-05-04T22:12:16","modified_gmt":"2020-05-04T22:12:16","slug":"pablo-di-tomaso-sera-el-nuevo-gerente-de-anses-en-canada-de-gomez","status":"publish","type":"post","link":"https:\/\/armstrongyregion.com.ar\/diario\/pablo-di-tomaso-sera-el-nuevo-gerente-de-anses-en-canada-de-gomez\/","title":{"rendered":"Pablo Di Tomaso ser\u00e1 el nuevo gerente de ANSES en Ca\u00f1ada de G\u00f3mez."},"content":{"rendered":"\n<figure class=\"wp-block-image size-large\"><img loading=\"lazy\" decoding=\"async\" width=\"768\" height=\"513\" src=\"http:\/\/armstrongyregion.com.ar\/diario\/wp-content\/uploads\/2020\/05\/Di-Tomaso-abril-2020.jpg\" alt=\"\" class=\"wp-image-25666\" srcset=\"https:\/\/armstrongyregion.com.ar\/diario\/wp-content\/uploads\/2020\/05\/Di-Tomaso-abril-2020.jpg 768w, https:\/\/armstrongyregion.com.ar\/diario\/wp-content\/uploads\/2020\/05\/Di-Tomaso-abril-2020-300x200.jpg 300w\" sizes=\"auto, (max-width: 768px) 100vw, 768px\" \/><\/figure>\n\n\n\n<p>As\u00ed como el ex concejal por el Frente Justicialista para la Victoria, Guillermo Virgili, fue designado para cubrir un cargo en la cartera educativa regional; hace unos d\u00edas se confirm\u00f3 la designaci\u00f3n de la presidenta del Concejo Municpal, Carina Mozzoni, para la gerencia de PAMI, a\u00fan no aceptada; ya ha sido confirmado al frente de ANSES Ca\u00f1ada de G\u00f3mez, Pablo Di Tomaso, quien se ha desempe\u00f1ado en el gabinete de Stella Cl\u00e9rici como coordinador de Patrimonios y Museos hasta haces algunos d\u00edas cuando present\u00f3 su renuncia al Departamento Ejecutivo.&nbsp;<\/p>\n\n\n\n<p>Si bien, a\u00fan no ha sido oficializado ni presentado p\u00fablicamente, Di Tomaso se har\u00eda cargo, en los pr\u00f3ximos d\u00edas, de la gerencia UDAI Ca\u00f1ada de G\u00f3mez, ocupando un cargo pol\u00edtico en la administraci\u00f3n de seguridad social dependiente del gobierno nacional. \u00a0\u00a0<\/p>\n\n\n\n<p>Fuente: En el recinto.com<\/p>\n","protected":false},"excerpt":{"rendered":"<p>As\u00ed como el ex concejal por el Frente Justicialista para la Victoria, Guillermo Virgili, fue designado para cubrir un cargo en la cartera educativa regional; hace unos d\u00edas se confirm\u00f3 la designaci\u00f3n de la presidenta del Concejo Municpal, Carina Mozzoni, para la gerencia de PAMI, a\u00fan no aceptada; ya ha sido confirmado al frente de <a href=\"https:\/\/armstrongyregion.com.ar\/diario\/pablo-di-tomaso-sera-el-nuevo-gerente-de-anses-en-canada-de-gomez\/\" title=\"Read more\" >&#8230;<\/a><\/p>\n","protected":false},"author":1,"featured_media":25666,"comment_status":"open","ping_status":"open","sticky":false,"template":"","format":"image","meta":{"_jetpack_memberships_contains_paid_content":false,"footnotes":"","jetpack_publicize_message":"","jetpack_publicize_feature_enabled":true,"jetpack_social_post_already_shared":true,"jetpack_social_options":{"image_generator_settings":{"template":"highway","default_image_id":0,"enabled":false},"version":2}},"categories":[8,1,7,3],"tags":[],"class_list":["post-25665","post","type-post","status-publish","format-image","has-post-thumbnail","hentry","category-deliberando","category-diario-armstrong","category-politica","category-region","post_format-post-format-image"],"jetpack_publicize_connections":[],"jetpack_featured_media_url":"https:\/\/armstrongyregion.com.ar\/diario\/wp-content\/uploads\/2020\/05\/Di-Tomaso-abril-2020.jpg","jetpack_shortlink":"https:\/\/wp.me\/p62QDO-6FX","jetpack_sharing_enabled":true,"amp_enabled":true,"_links":{"self":[{"href":"https:\/\/armstrongyregion.com.ar\/diario\/wp-json\/wp\/v2\/posts\/25665","targetHints":{"allow":["GET"]}}],"collection":[{"href":"https:\/\/armstrongyregion.com.ar\/diario\/wp-json\/wp\/v2\/posts"}],"about":[{"href":"https:\/\/armstrongyregion.com.ar\/diario\/wp-json\/wp\/v2\/types\/post"}],"author":[{"embeddable":true,"href":"https:\/\/armstrongyregion.com.ar\/diario\/wp-json\/wp\/v2\/users\/1"}],"replies":[{"embeddable":true,"href":"https:\/\/armstrongyregion.com.ar\/diario\/wp-json\/wp\/v2\/comments?post=25665"}],"version-history":[{"count":2,"href":"https:\/\/armstrongyregion.com.ar\/diario\/wp-json\/wp\/v2\/posts\/25665\/revisions"}],"predecessor-version":[{"id":25668,"href":"https:\/\/armstrongyregion.com.ar\/diario\/wp-json\/wp\/v2\/posts\/25665\/revisions\/25668"}],"wp:featuredmedia":[{"embeddable":true,"href":"https:\/\/armstrongyregion.com.ar\/diario\/wp-json\/wp\/v2\/media\/25666"}],"wp:attachment":[{"href":"https:\/\/armstrongyregion.com.ar\/diario\/wp-json\/wp\/v2\/media?parent=25665"}],"wp:term":[{"taxonomy":"category","embeddable":true,"href":"https:\/\/armstrongyregion.com.ar\/diario\/wp-json\/wp\/v2\/categories?post=25665"},{"taxonomy":"post_tag","embeddable":true,"href":"https:\/\/armstrongyregion.com.ar\/diario\/wp-json\/wp\/v2\/tags?post=25665"}],"curies":[{"name":"wp","href":"https:\/\/api.w.org\/{rel}","templated":true}]}}