{"id":25609,"date":"2020-04-29T13:45:58","date_gmt":"2020-04-29T13:45:58","guid":{"rendered":"https:\/\/armstrongyregion.com.ar\/diario\/?p=25609"},"modified":"2020-04-29T13:46:01","modified_gmt":"2020-04-29T13:46:01","slug":"cornaglia-comunico-las-inquietudes-del-departamento-al-gobernador","status":"publish","type":"post","link":"https:\/\/armstrongyregion.com.ar\/diario\/cornaglia-comunico-las-inquietudes-del-departamento-al-gobernador\/","title":{"rendered":"Cornaglia comunic\u00f3 las inquietudes del departamento al gobernador."},"content":{"rendered":"\n<figure class=\"wp-block-image size-large\"><img loading=\"lazy\" decoding=\"async\" width=\"768\" height=\"403\" src=\"http:\/\/armstrongyregion.com.ar\/diario\/wp-content\/uploads\/2020\/04\/GC-Comit\u00e9-de-Crisis-Provincia.jpg\" alt=\"\" class=\"wp-image-25610\" srcset=\"https:\/\/armstrongyregion.com.ar\/diario\/wp-content\/uploads\/2020\/04\/GC-Comit\u00e9-de-Crisis-Provincia.jpg 768w, https:\/\/armstrongyregion.com.ar\/diario\/wp-content\/uploads\/2020\/04\/GC-Comit\u00e9-de-Crisis-Provincia-300x157.jpg 300w\" sizes=\"auto, (max-width: 768px) 100vw, 768px\" \/><\/figure>\n\n\n\n<h2 class=\"wp-block-heading\"><strong>Mediante teleconferencia, el legislador elev\u00f3 una lista de solicitudes que le acercaron los presidentes comunales e intendentes del departamento Belgrano.<\/strong><\/h2>\n\n\n\n<p>El senador provincial Guillermo Cornaglia elev\u00f3 al Gobierno de Santa Fe una lista de actividades que, junto a los intendentes y presidentes comunales del departamento Belgrano, solicita sean flexibilizadas sin levantar el Aislamiento Social, Preventivo y Obligatorio. El pedido firmado por el Comit\u00e9 de Crisis departamental fue transmitido por el senador Cornaglia al gobernador Omar Perotti a trav\u00e9s de una teleconferencia en la que participaron tambi\u00e9n la vicegobernadora Alejandra Rodenas, el ministro de Gesti\u00f3n P\u00fablica, Rub\u00e9n&nbsp;Michlig; y el secretario de Integraci\u00f3n y Fortalecimiento Institucional, Jos\u00e9 Luis Freyre.<br><\/p>\n\n\n\n<p>Cornaglia explic\u00f3 que la solicitud realizada implica que todas las actividades detalladas deber\u00e1n ejecutarse con estricto cumplimiento de los protocolos y recomendaciones en seguridad e higiene elaboradas por el Gobierno Nacional y el Gobierno de la Provincia de Santa Fe. \u201cVamos a esperar la definici\u00f3n del gobierno provincial para comunicar cu\u00e1les pueden ser las actividades habilitadas dentro del Aislamiento Social, ya que es muy importante que la informaci\u00f3n sea lo m\u00e1s precisa posible en estos momentos\u201d, indic\u00f3 el senador por el departamento Belgrano.<\/p>\n\n\n\n<p>El documento con la propuesta de habilitaci\u00f3n de actividades restringidas fue elaborado en conjunto por los miembros del Comit\u00e9 de Crisis del departamento Belgrano, donde participan presidentes comunales, intendentes y directores de los Samco de todas las localidades, en el marco de lo establecido por el art\u00edculo 2 del Decreto Nacional de Necesidad y Urgencia N\u00b0 355\/2020.<\/p>\n","protected":false},"excerpt":{"rendered":"<p>Mediante teleconferencia, el legislador elev\u00f3 una lista de solicitudes que le acercaron los presidentes comunales e intendentes del departamento Belgrano. El senador provincial Guillermo Cornaglia elev\u00f3 al Gobierno de Santa Fe una lista de actividades que, junto a los intendentes y presidentes comunales del departamento Belgrano, solicita sean flexibilizadas sin levantar el Aislamiento Social, Preventivo <a href=\"https:\/\/armstrongyregion.com.ar\/diario\/cornaglia-comunico-las-inquietudes-del-departamento-al-gobernador\/\" title=\"Read more\" >&#8230;<\/a><\/p>\n","protected":false},"author":1,"featured_media":25610,"comment_status":"open","ping_status":"open","sticky":false,"template":"","format":"image","meta":{"_jetpack_memberships_contains_paid_content":false,"footnotes":"","jetpack_publicize_message":"","jetpack_publicize_feature_enabled":true,"jetpack_social_post_already_shared":true,"jetpack_social_options":{"image_generator_settings":{"template":"highway","default_image_id":0,"enabled":false},"version":2}},"categories":[8,1,2,7,3],"tags":[],"class_list":["post-25609","post","type-post","status-publish","format-image","has-post-thumbnail","hentry","category-deliberando","category-diario-armstrong","category-locales","category-politica","category-region","post_format-post-format-image"],"jetpack_publicize_connections":[],"jetpack_featured_media_url":"https:\/\/armstrongyregion.com.ar\/diario\/wp-content\/uploads\/2020\/04\/GC-Comit\u00e9-de-Crisis-Provincia.jpg","jetpack_shortlink":"https:\/\/wp.me\/p62QDO-6F3","jetpack_sharing_enabled":true,"amp_enabled":true,"_links":{"self":[{"href":"https:\/\/armstrongyregion.com.ar\/diario\/wp-json\/wp\/v2\/posts\/25609","targetHints":{"allow":["GET"]}}],"collection":[{"href":"https:\/\/armstrongyregion.com.ar\/diario\/wp-json\/wp\/v2\/posts"}],"about":[{"href":"https:\/\/armstrongyregion.com.ar\/diario\/wp-json\/wp\/v2\/types\/post"}],"author":[{"embeddable":true,"href":"https:\/\/armstrongyregion.com.ar\/diario\/wp-json\/wp\/v2\/users\/1"}],"replies":[{"embeddable":true,"href":"https:\/\/armstrongyregion.com.ar\/diario\/wp-json\/wp\/v2\/comments?post=25609"}],"version-history":[{"count":1,"href":"https:\/\/armstrongyregion.com.ar\/diario\/wp-json\/wp\/v2\/posts\/25609\/revisions"}],"predecessor-version":[{"id":25611,"href":"https:\/\/armstrongyregion.com.ar\/diario\/wp-json\/wp\/v2\/posts\/25609\/revisions\/25611"}],"wp:featuredmedia":[{"embeddable":true,"href":"https:\/\/armstrongyregion.com.ar\/diario\/wp-json\/wp\/v2\/media\/25610"}],"wp:attachment":[{"href":"https:\/\/armstrongyregion.com.ar\/diario\/wp-json\/wp\/v2\/media?parent=25609"}],"wp:term":[{"taxonomy":"category","embeddable":true,"href":"https:\/\/armstrongyregion.com.ar\/diario\/wp-json\/wp\/v2\/categories?post=25609"},{"taxonomy":"post_tag","embeddable":true,"href":"https:\/\/armstrongyregion.com.ar\/diario\/wp-json\/wp\/v2\/tags?post=25609"}],"curies":[{"name":"wp","href":"https:\/\/api.w.org\/{rel}","templated":true}]}}