{"id":2560,"date":"2015-06-09T21:45:42","date_gmt":"2015-06-09T21:45:42","guid":{"rendered":"https:\/\/armstrongyregion.com.ar\/diario\/?p=2560"},"modified":"2015-06-09T21:45:42","modified_gmt":"2015-06-09T21:45:42","slug":"las-rosas-mario-ramos-sera-un-orgullo-poder-gobernar-junto-a-personas-con-tanta-trayectoria","status":"publish","type":"post","link":"https:\/\/armstrongyregion.com.ar\/diario\/las-rosas-mario-ramos-sera-un-orgullo-poder-gobernar-junto-a-personas-con-tanta-trayectoria\/","title":{"rendered":"Las Rosas. Mario Ramos: \u201cSer\u00e1 un orgullo poder gobernar junto a personas con tanta trayectoria\u201d"},"content":{"rendered":"<p><a href=\"http:\/\/armstrongyregion.com.ar\/diario\/wp-content\/uploads\/2015\/06\/ramos-asesores.jpg\"><img loading=\"lazy\" decoding=\"async\" class=\"alignnone size-medium wp-image-2561\" src=\"http:\/\/armstrongyregion.com.ar\/diario\/wp-content\/uploads\/2015\/06\/ramos-asesores-300x200.jpg\" alt=\"ramos-asesores\" width=\"300\" height=\"200\" srcset=\"https:\/\/armstrongyregion.com.ar\/diario\/wp-content\/uploads\/2015\/06\/ramos-asesores-300x200.jpg 300w, https:\/\/armstrongyregion.com.ar\/diario\/wp-content\/uploads\/2015\/06\/ramos-asesores.jpg 578w\" sizes=\"auto, (max-width: 300px) 100vw, 300px\" \/><\/a>Refiri\u00e9ndose a parte de sus colaboradores presentados recientemente (Gustavo Invernizzi, \u00abChilo\u00bb Duranti y Fernando Taccari), el candidato a Intendente del Frente Progresista destac\u00f3 la trayectoria y el reconocimiento que despiertan en los rosenses dichas personas: \u00abNos llena de orgullo saber que vamos a gobernar la ciudad de Las Rosas con la colaboraci\u00f3n y el asesoramiento de personas que han hecho mucho por nuestras instituciones\u00bb.<br \/>\nEl actual edil afirm\u00f3 que no s\u00f3lo le han dicho a los vecinos qu\u00e9 van a hacer y c\u00f3mo tienen pensado hacerlo, sino que ahora tambi\u00e9n con qui\u00e9nes llevar\u00e1n adelante sus propuestas e ideas.<\/p>\n<p>Consultado sobre la conformaci\u00f3n de su futuro gabinete, Ramos prefiri\u00f3 hablar de \u00abgrupo de colaboradores\u00bb. En tal sentido, as\u00ed se manifest\u00f3: \u00abHablamos de grupo de colaboradores o asesores porque nos parece que antes de pensar en un gabinete debemos esperar a que la gente nos elija. No queremos transformar esto en un festival de cargos y nombramientos como han hecho otros. Por el contrario, la mayor\u00eda de los que nos acompa\u00f1an lo har\u00e1n ad honorem. Seguramente algunos deber\u00e1n asumir responsabilidades de gesti\u00f3n, pero ser\u00e1n los menos\u00bb.<\/p>\n<p>Alejandro Marentes tambi\u00e9n se expres\u00f3 sobre la incorporaci\u00f3n de \u00abindependientes\u00bb al equipo de trabajo: \u00abEstamos muy contentos porque a los que ya ven\u00edan trabajando silenciosamente con nosotros se nos suman personas muy valiosas para la sociedad y seguramente en los pr\u00f3ximos d\u00edas contaremos con la incorporaci\u00f3n de nuevos vecinos que tienen mucho para decir\u00bb. El candidato a concejal afirm\u00f3 que tienen las ideas y el equipo para hacer todo lo que resta de cara al futuro.<br \/>\nLas Rosas Digital.<\/p>\n","protected":false},"excerpt":{"rendered":"<p>Refiri\u00e9ndose a parte de sus colaboradores presentados recientemente (Gustavo Invernizzi, \u00abChilo\u00bb Duranti y Fernando Taccari), el candidato a Intendente del Frente Progresista destac\u00f3 la trayectoria y el reconocimiento que despiertan en los rosenses dichas personas: \u00abNos llena de orgullo saber que vamos a gobernar la ciudad de Las Rosas con la colaboraci\u00f3n y el asesoramiento <a href=\"https:\/\/armstrongyregion.com.ar\/diario\/las-rosas-mario-ramos-sera-un-orgullo-poder-gobernar-junto-a-personas-con-tanta-trayectoria\/\" title=\"Read more\" >&#8230;<\/a><\/p>\n","protected":false},"author":2,"featured_media":2561,"comment_status":"open","ping_status":"open","sticky":false,"template":"","format":"standard","meta":{"_jetpack_memberships_contains_paid_content":false,"footnotes":"","jetpack_publicize_message":"","jetpack_publicize_feature_enabled":true,"jetpack_social_post_already_shared":false,"jetpack_social_options":{"image_generator_settings":{"template":"highway","default_image_id":0,"enabled":false},"version":2}},"categories":[1,7,3],"tags":[33,100,1939,290,1938,1403,696,1544,800,39,1940,1941,192],"class_list":["post-2560","post","type-post","status-publish","format-standard","has-post-thumbnail","hentry","category-diario-armstrong","category-politica","category-region","tag-a","tag-con","tag-gobernar","tag-junto","tag-las-rosas-mario","tag-orgullo","tag-personas","tag-poder","tag-ramos","tag-sera","tag-tanta","tag-trayectoria","tag-un"],"jetpack_publicize_connections":[],"jetpack_featured_media_url":"https:\/\/armstrongyregion.com.ar\/diario\/wp-content\/uploads\/2015\/06\/ramos-asesores.jpg","jetpack_shortlink":"https:\/\/wp.me\/p62QDO-Fi","jetpack_sharing_enabled":true,"amp_enabled":true,"_links":{"self":[{"href":"https:\/\/armstrongyregion.com.ar\/diario\/wp-json\/wp\/v2\/posts\/2560","targetHints":{"allow":["GET"]}}],"collection":[{"href":"https:\/\/armstrongyregion.com.ar\/diario\/wp-json\/wp\/v2\/posts"}],"about":[{"href":"https:\/\/armstrongyregion.com.ar\/diario\/wp-json\/wp\/v2\/types\/post"}],"author":[{"embeddable":true,"href":"https:\/\/armstrongyregion.com.ar\/diario\/wp-json\/wp\/v2\/users\/2"}],"replies":[{"embeddable":true,"href":"https:\/\/armstrongyregion.com.ar\/diario\/wp-json\/wp\/v2\/comments?post=2560"}],"version-history":[{"count":0,"href":"https:\/\/armstrongyregion.com.ar\/diario\/wp-json\/wp\/v2\/posts\/2560\/revisions"}],"wp:featuredmedia":[{"embeddable":true,"href":"https:\/\/armstrongyregion.com.ar\/diario\/wp-json\/wp\/v2\/media\/2561"}],"wp:attachment":[{"href":"https:\/\/armstrongyregion.com.ar\/diario\/wp-json\/wp\/v2\/media?parent=2560"}],"wp:term":[{"taxonomy":"category","embeddable":true,"href":"https:\/\/armstrongyregion.com.ar\/diario\/wp-json\/wp\/v2\/categories?post=2560"},{"taxonomy":"post_tag","embeddable":true,"href":"https:\/\/armstrongyregion.com.ar\/diario\/wp-json\/wp\/v2\/tags?post=2560"}],"curies":[{"name":"wp","href":"https:\/\/api.w.org\/{rel}","templated":true}]}}