{"id":25599,"date":"2020-04-28T15:13:53","date_gmt":"2020-04-28T15:13:53","guid":{"rendered":"https:\/\/armstrongyregion.com.ar\/diario\/?p=25599"},"modified":"2020-04-28T15:13:56","modified_gmt":"2020-04-28T15:13:56","slug":"trabajadores-de-salud-van-al-paro-en-reclamo-del-pago-del-bono-nacional-por-coronavirus","status":"publish","type":"post","link":"https:\/\/armstrongyregion.com.ar\/diario\/trabajadores-de-salud-van-al-paro-en-reclamo-del-pago-del-bono-nacional-por-coronavirus\/","title":{"rendered":"Trabajadores de salud van al paro en reclamo del pago del bono nacional por coronavirus"},"content":{"rendered":"\n<figure class=\"wp-block-image size-large\"><img loading=\"lazy\" decoding=\"async\" width=\"800\" height=\"450\" src=\"http:\/\/armstrongyregion.com.ar\/diario\/wp-content\/uploads\/2020\/04\/los_medicos_de_rosario.jpg_1756841869.jpg\" alt=\"\" class=\"wp-image-25600\" srcset=\"https:\/\/armstrongyregion.com.ar\/diario\/wp-content\/uploads\/2020\/04\/los_medicos_de_rosario.jpg_1756841869.jpg 800w, https:\/\/armstrongyregion.com.ar\/diario\/wp-content\/uploads\/2020\/04\/los_medicos_de_rosario.jpg_1756841869-300x169.jpg 300w, https:\/\/armstrongyregion.com.ar\/diario\/wp-content\/uploads\/2020\/04\/los_medicos_de_rosario.jpg_1756841869-768x432.jpg 768w\" sizes=\"auto, (max-width: 800px) 100vw, 800px\" \/><\/figure>\n\n\n\n<h2 class=\"wp-block-heading\"> Desde Siprus confirmaron una medida de fuerza\u00a0para este mi\u00e9rcoles y desde Amra un freno de actividades por 72 horas desde el jueves. La iniciativa involucra a centros de atenci\u00f3n primaria provinciales. Rechazan la decisi\u00f3n del gobierno de limitar el plus en el marco de la pandemia de covid-19 a profesionales que se desempe\u00f1an en lugares de internaci\u00f3n <\/h2>\n\n\n\n<p>Un conflicto qued\u00f3 asentado en la provincia de Santa Fe. En medio de la cuarentena por el avance del coronavirus en pa\u00eds, los trabajadores de la salud lanzaron medidas de fuerza a instrumentarse en los centros primarios de salud provinciales en rechazo a la decisi\u00f3n del gobierno provincial de limitar el pago del bono en el marco de la pandemia, a los profesionales que se desempe\u00f1an en lugares de internaci\u00f3n. \u201cNo puede haber m\u00e9dicos de primera que cobren y kelpers que no, cuando todos estamos abocados a lo mismo\u201d, plante\u00f3 la titular d.&nbsp;Sindicato de M\u00e9dicos de la Rep\u00fablica Argentina (Amra) Seccional Santa Fe, Sonia Maiorana.<\/p>\n\n\n\n<figure><iframe loading=\"lazy\" src=\"https:\/\/tpc.googlesyndication.com\/safeframe\/1-0-37\/html\/container.html\" width=\"728\" height=\"90\"><\/iframe><\/figure>\n\n\n\n<figure><iframe width=\"300\" height=\"250\"><\/iframe><\/figure>\n\n\n\n<figure><iframe width=\"160\" height=\"600\"><\/iframe><\/figure>\n\n\n\n<figure><iframe width=\"300\" height=\"600\"><\/iframe><\/figure>\n\n\n\n<figure><iframe width=\"728\" height=\"90\"><\/iframe><\/figure>\n\n\n\n<figure><iframe width=\"300\" height=\"250\"><\/iframe><\/figure>\n\n\n\n<figure><iframe width=\"300\" height=\"600\"><\/iframe><\/figure>\n\n\n\n<p><strong>Los trabajadores de la salud provincial repudiaron la Resoluci\u00f3n Conjunta N\u00b0 3\/2020 del Ministerio de Salud y Ministerio de Trabajo de la Naci\u00f3n, que modifica el DNU 315\/20 Presidencial, adoptada a su vez por el Ministerio de Salud de la Provincia de Santa Fe, que plantea la diferencia entre los trabajadores de la salud que se desempe\u00f1an en instituciones con internaci\u00f3n y a aquellos que por diferentes razones cumplen su labor en consultorios que no pertenecen a efectores con internaci\u00f3n. De esta manera, establece que s\u00f3lo los primeros percibir\u00e1n los $ 5000 que otorga el Ejecutivo Nacional seg\u00fan el mencionado DNU.<\/strong><\/p>\n\n\n\n<p>Consultada por<strong><em>&nbsp;Rosario3<\/em><\/strong>,&nbsp;<strong>Mar\u00eda Fernanda Boriotti, secretaria general del Sindicato de Profesionales Universitarios (Siprus) confirmaron que este mi\u00e9rcoles llevar\u00e1n a cabo un cese de actividades&nbsp;<\/strong>en los centros de atenci\u00f3n primaria de la salud y samcos sin internaci\u00f3n y compromete a todos los trabajadores de la salud que prestan servicio. La dirigente precis\u00f3 que el paro ser\u00e1 acompa\u00f1ado por los trabajadores nucleados en ATE. \u201cTodos tienen que cobrar el bono, todos estamos expuestos al virus, tambi\u00e9n en los centros de salud de atenci\u00f3n primaria que es la primera puerta a la que toca el paciente con s\u00edntomas o no, con los cual todos estamos igualmente expuestos\u201d, observ\u00f3.<\/p>\n\n\n\n<p>Antes, en contacto con&nbsp;<em>A Diario<\/em>&nbsp;(Radio 2), la titular del<strong>&nbsp;Sindicato de M\u00e9dicos de la Rep\u00fablica Argentina (Amra) Seccional Santa Fe, Sonia Maiorano, anunci\u00f3 un paro de 72 horas a partir de este jueve<\/strong>s en los centros de salud provinciales que no tengan servicio de internaci\u00f3n y en las delegaciones de Pami.<\/p>\n\n\n\n<p>\u201cEs un acto de total inequidad y discriminaci\u00f3n entre los propios trabajadores de la salud, omitiendo a los compa\u00f1eros de atenci\u00f3n primaria, m\u00e9dicos de 1\u00b0 nivel de Pami y a todos los colegas qu\u00e9, teniendo contacto directo con el covid-19, desempe\u00f1an su actividad en establecimientos que no cuentan con internaci\u00f3n\u201d, manifestaron desde el sindicato. \u201cSi \u00e9sta decisi\u00f3n nacional es infausta y desacertada, m\u00e1s grave y llamativo es la actitud del Ministro de Salud Provincial que en la resoluci\u00f3n de adopci\u00f3n \u201cexcluye taxativamente\u201d a estos trabajadores\u201d, observaron en un comunicado oficial.<\/p>\n\n\n\n<p>\u201cEs una actitud de discriminaci\u00f3n terrible, todos los trabajadores estamos abocados a la pandemia, a todos nos han cambiado los horarios y roles. No puede haber m\u00e9dicos de primera que cobren y kelpers que no, cuando todos estamos abocados a lo mismo\u201d, plante\u00f3.<\/p>\n\n\n\n<p><strong>Los trabajadores de la salud provincial repudiaron la Resoluci\u00f3n Conjunta N\u00b0 3\/2020 del Ministerio de Salud y Ministerio de Trabajo de la Naci\u00f3n, que modifica el DNU 315\/20 Presidencial, adoptada a su vez por el Ministerio de Salud de la Provincia de Santa Fe, que plantea la diferencia entre los trabajadores de la salud que se desempe\u00f1an en instituciones con internaci\u00f3n y a aquellos que por diferentes razones cumplen su labor en consultorios que no pertenecen a efectores con internaci\u00f3n. De esta manera, establece que s\u00f3lo los primeros percibir\u00e1n los $ 5000 que otorga el Ejecutivo Nacional seg\u00fan el mencionado DNU.<\/strong><\/p>\n\n\n\n<p>Consultada por<strong><em>&nbsp;Rosario3<\/em><\/strong>,&nbsp;<strong>Mar\u00eda Fernanda Boriotti, secretaria general del Sindicato de Profesionales Universitarios (Siprus) confirmaron que este mi\u00e9rcoles llevar\u00e1n a cabo un cese de actividades&nbsp;<\/strong>en los centros de atenci\u00f3n primaria de la salud y samcos sin internaci\u00f3n y compromete a todos los trabajadores de la salud que prestan servicio. La dirigente precis\u00f3 que el paro ser\u00e1 acompa\u00f1ado por los trabajadores nucleados en ATE. \u201cTodos tienen que cobrar el bono, todos estamos expuestos al virus, tambi\u00e9n en los centros de salud de atenci\u00f3n primaria que es la primera puerta a la que toca el paciente con s\u00edntomas o no, con los cual todos estamos igualmente expuestos\u201d, observ\u00f3.<\/p>\n\n\n\n<p>Antes, en contacto con\u00a0<em>A Diario<\/em>\u00a0(Radio 2), la titular del<strong>\u00a0Sindicato de M\u00e9dicos de la Rep\u00fablica Argentina (Amra) Seccional Santa Fe, Sonia Maiorano, anunci\u00f3 un paro de 72 horas a partir de este jueve<\/strong>s en los centros de salud provinciales que no tengan servicio de internaci\u00f3n y en las delegaciones de Pami.<\/p>\n\n\n\n<p>\u201cEs un acto de total inequidad y discriminaci\u00f3n entre los propios trabajadores de la salud, omitiendo a los compa\u00f1eros de atenci\u00f3n primaria, m\u00e9dicos de 1\u00b0 nivel de Pami y a todos los colegas qu\u00e9, teniendo contacto directo con el covid-19, desempe\u00f1an su actividad en establecimientos que no cuentan con internaci\u00f3n\u201d, manifestaron desde el sindicato. \u201cSi \u00e9sta decisi\u00f3n nacional es infausta y desacertada, m\u00e1s grave y llamativo es la actitud del Ministro de Salud Provincial que en la resoluci\u00f3n de adopci\u00f3n \u201cexcluye taxativamente\u201d a estos trabajadores\u201d, observaron en un comunicado oficial.<\/p>\n\n\n\n<p>\u201cEs una actitud de discriminaci\u00f3n terrible, todos los trabajadores estamos abocados a la pandemia, a todos nos han cambiado los horarios y roles. No puede haber m\u00e9dicos de primera que cobren y kelpers que no, cuando todos estamos abocados a lo mismo\u201d, plante\u00f3.<\/p>\n\n\n\n<p>Rosario3.com<\/p>\n","protected":false},"excerpt":{"rendered":"<p>Desde Siprus confirmaron una medida de fuerza\u00a0para este mi\u00e9rcoles y desde Amra un freno de actividades por 72 horas desde el jueves. La iniciativa involucra a centros de atenci\u00f3n primaria provinciales. Rechazan la decisi\u00f3n del gobierno de limitar el plus en el marco de la pandemia de covid-19 a profesionales que se desempe\u00f1an en lugares <a href=\"https:\/\/armstrongyregion.com.ar\/diario\/trabajadores-de-salud-van-al-paro-en-reclamo-del-pago-del-bono-nacional-por-coronavirus\/\" title=\"Read more\" >&#8230;<\/a><\/p>\n","protected":false},"author":1,"featured_media":25600,"comment_status":"open","ping_status":"open","sticky":false,"template":"","format":"image","meta":{"_jetpack_memberships_contains_paid_content":false,"footnotes":"","jetpack_publicize_message":"","jetpack_publicize_feature_enabled":true,"jetpack_social_post_already_shared":true,"jetpack_social_options":{"image_generator_settings":{"template":"highway","default_image_id":0,"enabled":false},"version":2}},"categories":[8,1,2,3],"tags":[],"class_list":["post-25599","post","type-post","status-publish","format-image","has-post-thumbnail","hentry","category-deliberando","category-diario-armstrong","category-locales","category-region","post_format-post-format-image"],"jetpack_publicize_connections":[],"jetpack_featured_media_url":"https:\/\/armstrongyregion.com.ar\/diario\/wp-content\/uploads\/2020\/04\/los_medicos_de_rosario.jpg_1756841869.jpg","jetpack_shortlink":"https:\/\/wp.me\/p62QDO-6ET","jetpack_sharing_enabled":true,"amp_enabled":true,"_links":{"self":[{"href":"https:\/\/armstrongyregion.com.ar\/diario\/wp-json\/wp\/v2\/posts\/25599","targetHints":{"allow":["GET"]}}],"collection":[{"href":"https:\/\/armstrongyregion.com.ar\/diario\/wp-json\/wp\/v2\/posts"}],"about":[{"href":"https:\/\/armstrongyregion.com.ar\/diario\/wp-json\/wp\/v2\/types\/post"}],"author":[{"embeddable":true,"href":"https:\/\/armstrongyregion.com.ar\/diario\/wp-json\/wp\/v2\/users\/1"}],"replies":[{"embeddable":true,"href":"https:\/\/armstrongyregion.com.ar\/diario\/wp-json\/wp\/v2\/comments?post=25599"}],"version-history":[{"count":1,"href":"https:\/\/armstrongyregion.com.ar\/diario\/wp-json\/wp\/v2\/posts\/25599\/revisions"}],"predecessor-version":[{"id":25601,"href":"https:\/\/armstrongyregion.com.ar\/diario\/wp-json\/wp\/v2\/posts\/25599\/revisions\/25601"}],"wp:featuredmedia":[{"embeddable":true,"href":"https:\/\/armstrongyregion.com.ar\/diario\/wp-json\/wp\/v2\/media\/25600"}],"wp:attachment":[{"href":"https:\/\/armstrongyregion.com.ar\/diario\/wp-json\/wp\/v2\/media?parent=25599"}],"wp:term":[{"taxonomy":"category","embeddable":true,"href":"https:\/\/armstrongyregion.com.ar\/diario\/wp-json\/wp\/v2\/categories?post=25599"},{"taxonomy":"post_tag","embeddable":true,"href":"https:\/\/armstrongyregion.com.ar\/diario\/wp-json\/wp\/v2\/tags?post=25599"}],"curies":[{"name":"wp","href":"https:\/\/api.w.org\/{rel}","templated":true}]}}