{"id":25573,"date":"2020-04-24T13:40:52","date_gmt":"2020-04-24T13:40:52","guid":{"rendered":"https:\/\/armstrongyregion.com.ar\/diario\/?p=25573"},"modified":"2020-04-24T13:40:55","modified_gmt":"2020-04-24T13:40:55","slug":"cornaglia-participo-de-la-telesesion-de-la-camara-de-senadores","status":"publish","type":"post","link":"https:\/\/armstrongyregion.com.ar\/diario\/cornaglia-participo-de-la-telesesion-de-la-camara-de-senadores\/","title":{"rendered":"Cornaglia participo de la telesesi\u00f3n de la c\u00e1mara de senadores."},"content":{"rendered":"\n<figure class=\"wp-block-image size-large\"><img loading=\"lazy\" decoding=\"async\" width=\"768\" height=\"403\" src=\"http:\/\/armstrongyregion.com.ar\/diario\/wp-content\/uploads\/2020\/04\/GC-2020-04-23-Fb-Telesesi\u00f3n-3.jpg\" alt=\"\" class=\"wp-image-25574\" srcset=\"https:\/\/armstrongyregion.com.ar\/diario\/wp-content\/uploads\/2020\/04\/GC-2020-04-23-Fb-Telesesi\u00f3n-3.jpg 768w, https:\/\/armstrongyregion.com.ar\/diario\/wp-content\/uploads\/2020\/04\/GC-2020-04-23-Fb-Telesesi\u00f3n-3-300x157.jpg 300w\" sizes=\"auto, (max-width: 768px) 100vw, 768px\" \/><\/figure>\n\n\n\n<h2 class=\"wp-block-heading\"><strong>En un hecho sin precedentes para la legislatura provincial, la mayor\u00eda de los senadores participaron a trav\u00e9s de una plataforma inform\u00e1tica.<\/strong><\/h2>\n\n\n\n<p>El senador provincial Guillermo Cornaglia particip\u00f3 de la sesi\u00f3n extraordinaria que realiz\u00f3 la C\u00e1mara de Senadores de manera virtual. \u201cEs un hecho sin precedentes para la legislatura provincial\u201d, manifest\u00f3 Cornaglia, al tiempo que explic\u00f3 que la modalidad tuvo como objetivo evitar la aglomeraci\u00f3n de personas para prevenir la propagaci\u00f3n del coronavirus.<br><\/p>\n\n\n\n<p>La telesesi\u00f3n fue presidida desde el recinto por la vicegobernadora Alejandra Rodenas. Los \u00fanicos senadores que sesionaron de manera presencial fueron Rub\u00e9n Pirola (Las Colonias), Germ\u00e1n Giacomino (Constituci\u00f3n) y Cristina Berra (San Mart\u00edn), quienes luego &#8211; en Sesi\u00f3n Preparatoria &#8211; prestaron juramento como Presidente Provisional, Vicepresidente Primero Provisional y Vicepresidenta Segunda Provisional, respectivamente.<\/p>\n\n\n\n<p>Al comenzar la sesi\u00f3n, Rodenas dio la bienvenida a los senadores: \u00abEstamos reunidos en una sesi\u00f3n que se realiza por primera vez de manera virtual en esta honorable C\u00e1mara. De este modo, nuestro reglamento de funcionamiento est\u00e1 adaptado a estas nuevas condiciones que el coronavirus nos ha impuesto. Pero tambi\u00e9n es una nueva modalidad que nos permite estar comunicados desde todos los territorios de nuestra provincia\u201d.<\/p>\n","protected":false},"excerpt":{"rendered":"<p>En un hecho sin precedentes para la legislatura provincial, la mayor\u00eda de los senadores participaron a trav\u00e9s de una plataforma inform\u00e1tica. El senador provincial Guillermo Cornaglia particip\u00f3 de la sesi\u00f3n extraordinaria que realiz\u00f3 la C\u00e1mara de Senadores de manera virtual. \u201cEs un hecho sin precedentes para la legislatura provincial\u201d, manifest\u00f3 Cornaglia, al tiempo que explic\u00f3 <a href=\"https:\/\/armstrongyregion.com.ar\/diario\/cornaglia-participo-de-la-telesesion-de-la-camara-de-senadores\/\" title=\"Read more\" >&#8230;<\/a><\/p>\n","protected":false},"author":1,"featured_media":25574,"comment_status":"open","ping_status":"open","sticky":false,"template":"","format":"image","meta":{"_jetpack_memberships_contains_paid_content":false,"footnotes":"","jetpack_publicize_message":"","jetpack_publicize_feature_enabled":true,"jetpack_social_post_already_shared":true,"jetpack_social_options":{"image_generator_settings":{"template":"highway","default_image_id":0,"enabled":false},"version":2}},"categories":[8,1,2,7,3],"tags":[],"class_list":["post-25573","post","type-post","status-publish","format-image","has-post-thumbnail","hentry","category-deliberando","category-diario-armstrong","category-locales","category-politica","category-region","post_format-post-format-image"],"jetpack_publicize_connections":[],"jetpack_featured_media_url":"https:\/\/armstrongyregion.com.ar\/diario\/wp-content\/uploads\/2020\/04\/GC-2020-04-23-Fb-Telesesi\u00f3n-3.jpg","jetpack_shortlink":"https:\/\/wp.me\/p62QDO-6Et","jetpack_sharing_enabled":true,"amp_enabled":true,"_links":{"self":[{"href":"https:\/\/armstrongyregion.com.ar\/diario\/wp-json\/wp\/v2\/posts\/25573","targetHints":{"allow":["GET"]}}],"collection":[{"href":"https:\/\/armstrongyregion.com.ar\/diario\/wp-json\/wp\/v2\/posts"}],"about":[{"href":"https:\/\/armstrongyregion.com.ar\/diario\/wp-json\/wp\/v2\/types\/post"}],"author":[{"embeddable":true,"href":"https:\/\/armstrongyregion.com.ar\/diario\/wp-json\/wp\/v2\/users\/1"}],"replies":[{"embeddable":true,"href":"https:\/\/armstrongyregion.com.ar\/diario\/wp-json\/wp\/v2\/comments?post=25573"}],"version-history":[{"count":1,"href":"https:\/\/armstrongyregion.com.ar\/diario\/wp-json\/wp\/v2\/posts\/25573\/revisions"}],"predecessor-version":[{"id":25575,"href":"https:\/\/armstrongyregion.com.ar\/diario\/wp-json\/wp\/v2\/posts\/25573\/revisions\/25575"}],"wp:featuredmedia":[{"embeddable":true,"href":"https:\/\/armstrongyregion.com.ar\/diario\/wp-json\/wp\/v2\/media\/25574"}],"wp:attachment":[{"href":"https:\/\/armstrongyregion.com.ar\/diario\/wp-json\/wp\/v2\/media?parent=25573"}],"wp:term":[{"taxonomy":"category","embeddable":true,"href":"https:\/\/armstrongyregion.com.ar\/diario\/wp-json\/wp\/v2\/categories?post=25573"},{"taxonomy":"post_tag","embeddable":true,"href":"https:\/\/armstrongyregion.com.ar\/diario\/wp-json\/wp\/v2\/tags?post=25573"}],"curies":[{"name":"wp","href":"https:\/\/api.w.org\/{rel}","templated":true}]}}