{"id":2557,"date":"2015-06-09T21:35:41","date_gmt":"2015-06-09T21:35:41","guid":{"rendered":"https:\/\/armstrongyregion.com.ar\/diario\/?p=2557"},"modified":"2015-06-09T21:35:41","modified_gmt":"2015-06-09T21:35:41","slug":"las-rosas-javier-meyer-sere-un-intendente-que-realmente-gobierne","status":"publish","type":"post","link":"https:\/\/armstrongyregion.com.ar\/diario\/las-rosas-javier-meyer-sere-un-intendente-que-realmente-gobierne\/","title":{"rendered":"Las Rosas. Javier Meyer: \u00abSer\u00e9 un intendente que realmente gobierne.\u00bb"},"content":{"rendered":"<p><a href=\"http:\/\/armstrongyregion.com.ar\/diario\/wp-content\/uploads\/2015\/06\/meyer-millet-renacer-junio2015.jpg\"><img loading=\"lazy\" decoding=\"async\" class=\"alignnone size-medium wp-image-2558\" src=\"http:\/\/armstrongyregion.com.ar\/diario\/wp-content\/uploads\/2015\/06\/meyer-millet-renacer-junio2015-300x233.jpg\" alt=\"meyer-millet-renacer-junio2015\" width=\"300\" height=\"233\" srcset=\"https:\/\/armstrongyregion.com.ar\/diario\/wp-content\/uploads\/2015\/06\/meyer-millet-renacer-junio2015-300x233.jpg 300w, https:\/\/armstrongyregion.com.ar\/diario\/wp-content\/uploads\/2015\/06\/meyer-millet-renacer-junio2015.jpg 640w\" sizes=\"auto, (max-width: 300px) 100vw, 300px\" \/><\/a>\u00abNo manejamos encuestas, pero cualquier vecino que camine dos cuadras y pregunte a qui\u00e9n van a votar ver\u00e1 que hay una polarizaci\u00f3n notable, donde est\u00e1 la pol\u00edtica vieja, con un candidato que hace 8 a\u00f1os que es concejal y nada ha mostrado; otro que lleva all\u00ed 4 a\u00f1os y tampoco puede verse que ha hecho. Y nosotros que somos realmente el cambio, que estamos fuera de la funci\u00f3n p\u00fablica pero desde hace a\u00f1os trabajando para saber que hay que hacer y como debemos hacerlo\u00bb, dijo Meyer.<br \/>\nLas Rosas Digital.<\/p>\n","protected":false},"excerpt":{"rendered":"<p>\u00abNo manejamos encuestas, pero cualquier vecino que camine dos cuadras y pregunte a qui\u00e9n van a votar ver\u00e1 que hay una polarizaci\u00f3n notable, donde est\u00e1 la pol\u00edtica vieja, con un candidato que hace 8 a\u00f1os que es concejal y nada ha mostrado; otro que lleva all\u00ed 4 a\u00f1os y tampoco puede verse que ha hecho. <a href=\"https:\/\/armstrongyregion.com.ar\/diario\/las-rosas-javier-meyer-sere-un-intendente-que-realmente-gobierne\/\" title=\"Read more\" >&#8230;<\/a><\/p>\n","protected":false},"author":2,"featured_media":2558,"comment_status":"open","ping_status":"open","sticky":false,"template":"","format":"standard","meta":{"_jetpack_memberships_contains_paid_content":false,"footnotes":"","jetpack_publicize_message":"","jetpack_publicize_feature_enabled":true,"jetpack_social_post_already_shared":false,"jetpack_social_options":{"image_generator_settings":{"template":"highway","default_image_id":0,"enabled":false},"version":2}},"categories":[1,7,3],"tags":[1937,802,1565,23,1934,108,1936,361,1935,192],"class_list":["post-2557","post","type-post","status-publish","format-standard","has-post-thumbnail","hentry","category-diario-armstrong","category-politica","category-region","tag-gobierne","tag-intendente","tag-javier","tag-las","tag-meyer","tag-que","tag-realmente","tag-rosas","tag-sere","tag-un"],"jetpack_publicize_connections":[],"jetpack_featured_media_url":"https:\/\/armstrongyregion.com.ar\/diario\/wp-content\/uploads\/2015\/06\/meyer-millet-renacer-junio2015.jpg","jetpack_shortlink":"https:\/\/wp.me\/p62QDO-Ff","jetpack_sharing_enabled":true,"amp_enabled":true,"_links":{"self":[{"href":"https:\/\/armstrongyregion.com.ar\/diario\/wp-json\/wp\/v2\/posts\/2557","targetHints":{"allow":["GET"]}}],"collection":[{"href":"https:\/\/armstrongyregion.com.ar\/diario\/wp-json\/wp\/v2\/posts"}],"about":[{"href":"https:\/\/armstrongyregion.com.ar\/diario\/wp-json\/wp\/v2\/types\/post"}],"author":[{"embeddable":true,"href":"https:\/\/armstrongyregion.com.ar\/diario\/wp-json\/wp\/v2\/users\/2"}],"replies":[{"embeddable":true,"href":"https:\/\/armstrongyregion.com.ar\/diario\/wp-json\/wp\/v2\/comments?post=2557"}],"version-history":[{"count":0,"href":"https:\/\/armstrongyregion.com.ar\/diario\/wp-json\/wp\/v2\/posts\/2557\/revisions"}],"wp:featuredmedia":[{"embeddable":true,"href":"https:\/\/armstrongyregion.com.ar\/diario\/wp-json\/wp\/v2\/media\/2558"}],"wp:attachment":[{"href":"https:\/\/armstrongyregion.com.ar\/diario\/wp-json\/wp\/v2\/media?parent=2557"}],"wp:term":[{"taxonomy":"category","embeddable":true,"href":"https:\/\/armstrongyregion.com.ar\/diario\/wp-json\/wp\/v2\/categories?post=2557"},{"taxonomy":"post_tag","embeddable":true,"href":"https:\/\/armstrongyregion.com.ar\/diario\/wp-json\/wp\/v2\/tags?post=2557"}],"curies":[{"name":"wp","href":"https:\/\/api.w.org\/{rel}","templated":true}]}}