{"id":25564,"date":"2020-04-23T14:11:18","date_gmt":"2020-04-23T14:11:18","guid":{"rendered":"https:\/\/armstrongyregion.com.ar\/diario\/?p=25564"},"modified":"2020-04-23T14:11:21","modified_gmt":"2020-04-23T14:11:21","slug":"lifschitz-la-sesion-de-hoy-jueves-va-a-quedar-en-la-historia-de-la-legislatura-santafesina","status":"publish","type":"post","link":"https:\/\/armstrongyregion.com.ar\/diario\/lifschitz-la-sesion-de-hoy-jueves-va-a-quedar-en-la-historia-de-la-legislatura-santafesina\/","title":{"rendered":"Lifschitz: \u201cLa sesi\u00f3n de hoy jueves, va a quedar en la historia de la Legislatura santafesina\u201d"},"content":{"rendered":"\n<figure class=\"wp-block-image size-large\"><img loading=\"lazy\" decoding=\"async\" width=\"768\" height=\"433\" src=\"http:\/\/armstrongyregion.com.ar\/diario\/wp-content\/uploads\/2020\/04\/Lifschitz-.jpg\" alt=\"\" class=\"wp-image-25565\" srcset=\"https:\/\/armstrongyregion.com.ar\/diario\/wp-content\/uploads\/2020\/04\/Lifschitz-.jpg 768w, https:\/\/armstrongyregion.com.ar\/diario\/wp-content\/uploads\/2020\/04\/Lifschitz--300x169.jpg 300w\" sizes=\"auto, (max-width: 768px) 100vw, 768px\" \/><\/figure>\n\n\n\n<h2 class=\"wp-block-heading\"> <em>Diputados sesionar\u00e1 en el Paraninfo de la UNL, donde tuvo lugar la Convenci\u00f3n Constituyente de 1994. \u201cEs un lugar con una carga simb\u00f3lica muy importante\u201d, dijo el titular de la c\u00e1mara y destac\u00f3 el cambio de reglamento que se votar\u00e1 para que en el futuro el cuerpo pueda funcionar de manera virtual.<\/em> <\/h2>\n\n\n\n<p>La Cam\u00e1ra de Diputados de Santa Fe sesionar\u00e1 este jueves en el Paraninfo de la Universidad Nacional del Litoral (UNL), con motivo de funcionar respetando los protocolos establecidos por las autoridades santinarias de la Naci\u00f3n y la Provincia, en el marco de la pandemia producida por el Covid 19. En la oportunidad, se realizar\u00e1 la sesi\u00f3n preparatoria para la elecci\u00f3n de autoridades del cuerpo y luego habr\u00e1 una nueva sesi\u00f3n extraordinaria, donde se podr\u00eda habilitar un cambio de reglamento para sesionar de manera virtual en el futuro.<\/p>\n\n\n\n<p>\u201cPor varias razones, va a ser una sesi\u00f3n muy importante, que va a quedar en la historia de la Legislatura de Santa Fe\u201d, se\u00f1al\u00f3 el presidente de la C\u00e1mara, Miguel Lifschitz. Es que seg\u00fan explic\u00f3, \u201ces un hecho in\u00e9dito desarollar una sesi\u00f3n prepratoria y de estas caracter\u00edsticas fuera del recinto habitual de la Legislatura. Y tendr\u00e1 lugar en el Paraninfo UNL, un espacio con una carga simb\u00f3lica muy importante por tratarse del \u00e1mbito donde se han desarrollado encuentros y asambleas hist\u00f3ricas, especialmente, la \u00faltima reuni\u00f3n de la Asamblea Constituyente convocada para la reforma de 1994\u201d.<\/p>\n\n\n\n<p>Al mismo tiempo, Lifschitz detall\u00f3: \u201cVamos a elegir las autoridades para el pr\u00f3ximo per\u00edodo ordinario que comenzar\u00e1 el pr\u00f3ximo 1\u00b0 de mayo y tambi\u00e9n sancionar\u00edamos un cambio de reglamento que va a permitir en el futuro la organizaci\u00f3n de sesiones de la c\u00e1mara de manera virtual o mixta, como va a ocurrir en esta oportunidad, con parte de los legisladores presentes y parte en sus domicilios, a distancia\u201d.<\/p>\n\n\n\n<p>\u201cEs decir, -continu\u00f3- que si esta pandemia y la cuarentena correspondiente se prolongan en el tiempo o ante cualquier situaci\u00f3n de fuerza mayor que tuviera lugar en el futuro, podremos funcionar de manera virtual con esta modificaci\u00f3n que aprobar\u00edamos\u201d.<\/p>\n\n\n\n<p>\u201cPara todos los que somos parte de la C\u00e1mara de Diputados en esta etapa, m\u00e1s all\u00e1 de la pandemia y de la situaci\u00f3n compleja y dif\u00edcil que nos toca atravesar y que es el motivo por el cual nos estamos trasladando para sesionar, no deja de ser un hecho hist\u00f3rico\u201d, concluy\u00f3 Lifschitz.<\/p>\n\n\n\n<p>La jornada legislativa fue convocada para las 14, en el edificio ubicado en Bv. Pellegrini 2750, de la ciudad de Santa Fe. A fin de disminuir los riesgos ante esta pandemia, la sesi\u00f3n se desarrollar\u00e1 cumpliendo con todas las medidas de seguirdad y con personal reducido. En tanto, est\u00e1 previsto que aquellos legisladores que no puedan asistir por ser grupo de riesgo, puedan participar mediante sistema de videoconferencia.<\/p>\n","protected":false},"excerpt":{"rendered":"<p>Diputados sesionar\u00e1 en el Paraninfo de la UNL, donde tuvo lugar la Convenci\u00f3n Constituyente de 1994. \u201cEs un lugar con una carga simb\u00f3lica muy importante\u201d, dijo el titular de la c\u00e1mara y destac\u00f3 el cambio de reglamento que se votar\u00e1 para que en el futuro el cuerpo pueda funcionar de manera virtual. La Cam\u00e1ra de <a href=\"https:\/\/armstrongyregion.com.ar\/diario\/lifschitz-la-sesion-de-hoy-jueves-va-a-quedar-en-la-historia-de-la-legislatura-santafesina\/\" title=\"Read more\" >&#8230;<\/a><\/p>\n","protected":false},"author":1,"featured_media":25565,"comment_status":"open","ping_status":"open","sticky":false,"template":"","format":"image","meta":{"_jetpack_memberships_contains_paid_content":false,"footnotes":"","jetpack_publicize_message":"","jetpack_publicize_feature_enabled":true,"jetpack_social_post_already_shared":true,"jetpack_social_options":{"image_generator_settings":{"template":"highway","default_image_id":0,"enabled":false},"version":2}},"categories":[8,1,2,7,3],"tags":[],"class_list":["post-25564","post","type-post","status-publish","format-image","has-post-thumbnail","hentry","category-deliberando","category-diario-armstrong","category-locales","category-politica","category-region","post_format-post-format-image"],"jetpack_publicize_connections":[],"jetpack_featured_media_url":"https:\/\/armstrongyregion.com.ar\/diario\/wp-content\/uploads\/2020\/04\/Lifschitz-.jpg","jetpack_shortlink":"https:\/\/wp.me\/p62QDO-6Ek","jetpack_sharing_enabled":true,"amp_enabled":true,"_links":{"self":[{"href":"https:\/\/armstrongyregion.com.ar\/diario\/wp-json\/wp\/v2\/posts\/25564","targetHints":{"allow":["GET"]}}],"collection":[{"href":"https:\/\/armstrongyregion.com.ar\/diario\/wp-json\/wp\/v2\/posts"}],"about":[{"href":"https:\/\/armstrongyregion.com.ar\/diario\/wp-json\/wp\/v2\/types\/post"}],"author":[{"embeddable":true,"href":"https:\/\/armstrongyregion.com.ar\/diario\/wp-json\/wp\/v2\/users\/1"}],"replies":[{"embeddable":true,"href":"https:\/\/armstrongyregion.com.ar\/diario\/wp-json\/wp\/v2\/comments?post=25564"}],"version-history":[{"count":1,"href":"https:\/\/armstrongyregion.com.ar\/diario\/wp-json\/wp\/v2\/posts\/25564\/revisions"}],"predecessor-version":[{"id":25566,"href":"https:\/\/armstrongyregion.com.ar\/diario\/wp-json\/wp\/v2\/posts\/25564\/revisions\/25566"}],"wp:featuredmedia":[{"embeddable":true,"href":"https:\/\/armstrongyregion.com.ar\/diario\/wp-json\/wp\/v2\/media\/25565"}],"wp:attachment":[{"href":"https:\/\/armstrongyregion.com.ar\/diario\/wp-json\/wp\/v2\/media?parent=25564"}],"wp:term":[{"taxonomy":"category","embeddable":true,"href":"https:\/\/armstrongyregion.com.ar\/diario\/wp-json\/wp\/v2\/categories?post=25564"},{"taxonomy":"post_tag","embeddable":true,"href":"https:\/\/armstrongyregion.com.ar\/diario\/wp-json\/wp\/v2\/tags?post=25564"}],"curies":[{"name":"wp","href":"https:\/\/api.w.org\/{rel}","templated":true}]}}