{"id":25519,"date":"2020-04-19T12:25:43","date_gmt":"2020-04-19T12:25:43","guid":{"rendered":"https:\/\/armstrongyregion.com.ar\/diario\/?p=25519"},"modified":"2020-04-19T12:25:47","modified_gmt":"2020-04-19T12:25:47","slug":"canada-de-gomez-municipio-fudeca-y-productores-locales-donan-mascaras-faciales-a-cemi","status":"publish","type":"post","link":"https:\/\/armstrongyregion.com.ar\/diario\/canada-de-gomez-municipio-fudeca-y-productores-locales-donan-mascaras-faciales-a-cemi\/","title":{"rendered":"Ca\u00f1ada de G\u00f3mez. Municipio, Fudeca y Productores locales donan mascaras faciales a CEMI."},"content":{"rendered":"\n<figure class=\"wp-block-image size-large\"><img loading=\"lazy\" decoding=\"async\" width=\"768\" height=\"363\" src=\"http:\/\/armstrongyregion.com.ar\/diario\/wp-content\/uploads\/2020\/04\/ca\u00f1ada-comerciantes-.jpeg\" alt=\"\" class=\"wp-image-25520\" srcset=\"https:\/\/armstrongyregion.com.ar\/diario\/wp-content\/uploads\/2020\/04\/ca\u00f1ada-comerciantes-.jpeg 768w, https:\/\/armstrongyregion.com.ar\/diario\/wp-content\/uploads\/2020\/04\/ca\u00f1ada-comerciantes--300x142.jpeg 300w\" sizes=\"auto, (max-width: 768px) 100vw, 768px\" \/><\/figure>\n\n\n\n<p>\n\nEn un trabajo conjunto entre los sectores p\u00fablico y privado, se realiz\u00f3 una nueva entrega de elementos de protecci\u00f3n destinados a trabajadores de la salud, en este caso del servicio de emergencias m\u00e9dicas local.<\/p>\n\n\n\n<p>Como parte de las acciones conjuntas en el marco de la emergencia sanitaria por la pandemia de COVID-19, Municipio, FUDECA y productores locales concretaron una entrega de m\u00e1scaras faciales de protecci\u00f3n para el personal de salud de CEMI.<br>De esta manera, la secretaria de Producci\u00f3n Dra. Josefina Rusconi y el coordinador de Fudeca Dr. Fabi\u00e1n Speca junto a Fernando Coulin de FAC 3D, hicieron la entrega correspondiente al servicio de emergencias m\u00e9dicas. En una primera oportunidad se hab\u00edan entregado 70 al Hospital y posteriormente al resto de los efectores de salud de la ciudad.<br>Los protectores faciales se comenzaron a fabricar de manera voluntaria por los emprendedores locales &nbsp;Fernando Coulin, Juli\u00e1n Lavecchia, Mauricio Naranjo, Mart\u00edn Molina, Mart\u00edn Rozas, para donar a trabajadores de salud. El protector est\u00e1 compuesto por un soporte que se fabrica con la impresora 3D, y se completa con acetato, radiograf\u00eda o pl\u00e1stico de botella, que se engancha al soporte y cubre el rostro.\n\n<\/p>\n","protected":false},"excerpt":{"rendered":"<p>En un trabajo conjunto entre los sectores p\u00fablico y privado, se realiz\u00f3 una nueva entrega de elementos de protecci\u00f3n destinados a trabajadores de la salud, en este caso del servicio de emergencias m\u00e9dicas local. Como parte de las acciones conjuntas en el marco de la emergencia sanitaria por la pandemia de COVID-19, Municipio, FUDECA y <a href=\"https:\/\/armstrongyregion.com.ar\/diario\/canada-de-gomez-municipio-fudeca-y-productores-locales-donan-mascaras-faciales-a-cemi\/\" title=\"Read more\" >&#8230;<\/a><\/p>\n","protected":false},"author":1,"featured_media":25520,"comment_status":"open","ping_status":"open","sticky":false,"template":"","format":"image","meta":{"_jetpack_memberships_contains_paid_content":false,"footnotes":"","jetpack_publicize_message":"","jetpack_publicize_feature_enabled":true,"jetpack_social_post_already_shared":true,"jetpack_social_options":{"image_generator_settings":{"template":"highway","default_image_id":0,"enabled":false},"version":2}},"categories":[8,1,7,3],"tags":[],"class_list":["post-25519","post","type-post","status-publish","format-image","has-post-thumbnail","hentry","category-deliberando","category-diario-armstrong","category-politica","category-region","post_format-post-format-image"],"jetpack_publicize_connections":[],"jetpack_featured_media_url":"https:\/\/armstrongyregion.com.ar\/diario\/wp-content\/uploads\/2020\/04\/ca\u00f1ada-comerciantes-.jpeg","jetpack_shortlink":"https:\/\/wp.me\/p62QDO-6DB","jetpack_sharing_enabled":true,"amp_enabled":true,"_links":{"self":[{"href":"https:\/\/armstrongyregion.com.ar\/diario\/wp-json\/wp\/v2\/posts\/25519","targetHints":{"allow":["GET"]}}],"collection":[{"href":"https:\/\/armstrongyregion.com.ar\/diario\/wp-json\/wp\/v2\/posts"}],"about":[{"href":"https:\/\/armstrongyregion.com.ar\/diario\/wp-json\/wp\/v2\/types\/post"}],"author":[{"embeddable":true,"href":"https:\/\/armstrongyregion.com.ar\/diario\/wp-json\/wp\/v2\/users\/1"}],"replies":[{"embeddable":true,"href":"https:\/\/armstrongyregion.com.ar\/diario\/wp-json\/wp\/v2\/comments?post=25519"}],"version-history":[{"count":1,"href":"https:\/\/armstrongyregion.com.ar\/diario\/wp-json\/wp\/v2\/posts\/25519\/revisions"}],"predecessor-version":[{"id":25521,"href":"https:\/\/armstrongyregion.com.ar\/diario\/wp-json\/wp\/v2\/posts\/25519\/revisions\/25521"}],"wp:featuredmedia":[{"embeddable":true,"href":"https:\/\/armstrongyregion.com.ar\/diario\/wp-json\/wp\/v2\/media\/25520"}],"wp:attachment":[{"href":"https:\/\/armstrongyregion.com.ar\/diario\/wp-json\/wp\/v2\/media?parent=25519"}],"wp:term":[{"taxonomy":"category","embeddable":true,"href":"https:\/\/armstrongyregion.com.ar\/diario\/wp-json\/wp\/v2\/categories?post=25519"},{"taxonomy":"post_tag","embeddable":true,"href":"https:\/\/armstrongyregion.com.ar\/diario\/wp-json\/wp\/v2\/tags?post=25519"}],"curies":[{"name":"wp","href":"https:\/\/api.w.org\/{rel}","templated":true}]}}