{"id":25499,"date":"2020-04-16T00:19:22","date_gmt":"2020-04-16T00:19:22","guid":{"rendered":"https:\/\/armstrongyregion.com.ar\/diario\/?p=25499"},"modified":"2020-04-16T00:24:07","modified_gmt":"2020-04-16T00:24:07","slug":"fernando-morata-cuidense-mucho-hubo-un-momento-que-pense-que-era-el-final","status":"publish","type":"post","link":"https:\/\/armstrongyregion.com.ar\/diario\/fernando-morata-cuidense-mucho-hubo-un-momento-que-pense-que-era-el-final\/","title":{"rendered":"Fernando Morata: \u00abCuidense mucho. Hubo un momento que pens\u00e9 que era el final\u00bb"},"content":{"rendered":"\n<figure class=\"wp-block-image size-large\"><img loading=\"lazy\" decoding=\"async\" width=\"768\" height=\"596\" src=\"http:\/\/armstrongyregion.com.ar\/diario\/wp-content\/uploads\/2020\/04\/moratta-covid-.jpg\" alt=\"\" class=\"wp-image-25500\" srcset=\"https:\/\/armstrongyregion.com.ar\/diario\/wp-content\/uploads\/2020\/04\/moratta-covid-.jpg 768w, https:\/\/armstrongyregion.com.ar\/diario\/wp-content\/uploads\/2020\/04\/moratta-covid--300x233.jpg 300w\" sizes=\"auto, (max-width: 768px) 100vw, 768px\" \/><\/figure>\n\n\n\n<h2 class=\"wp-block-heading\"> El primer enfermo por Covid19 de Las Rosas, habl\u00f3 por Renacer Regional esta tarde. \u00abEs una enfermedad que te pone muy mal\u00bb, dijo. \u00abTengan muchos cuidados\u00bb <\/h2>\n\n\n\n<p><\/p>\n\n\n\n<figure class=\"wp-block-audio\"><audio controls src=\"http:\/\/armstrongyregion.com.ar\/diario\/wp-content\/uploads\/2020\/04\/multimedia.audio_.b727ed8bc20f58e4.4d6f72617461204665726e616e646f203135303432302e6d7033.mp3\"><\/audio><figcaption><br><\/figcaption><\/figure>\n\n\n\n<p><em>\u00abLa verdad que esto me lo ligue y no sabemos como pudo haber sido, pero me toco lamentablemente. No es f\u00e1cil, todav\u00eda estoy con ayuda de oxigeno. La gente se tiene que cuidar porque es algo que no se conoce, esto es terrible, empec\u00e9 a volar en fiebre; el cuerpo no te responde, y lo grabe es cuando se te genera una neumon\u00eda, que por suerte no era tan grave en mi caso, pero no la pase bien\u00bb,&nbsp;<\/em>dijo Morata.<em>&nbsp;\u00abYa pasaron mas de diez d\u00edas y estamos en una etapa donde empezar\u00edamos a ver la mejor\u00eda lentamente. Por ah\u00ed las placas no daban bien y hubo un momento clave, donde estuve preparado para una tomograf\u00eda y se me corto el aire. Sinceramente pens\u00e9 que ah\u00ed se terminaba todo, no tengo verg\u00fcenza en decirlo, creo que en la desesperaci\u00f3n hasta me orine encima. Es realmente feo porque te falta el aire y no lo encontras por ning\u00fan lado\u00bb.<\/em><\/p>\n\n\n\n<p><em>\u00abCu\u00eddense. Porque la verdad yo en un momento pens\u00e9 que todo se terminaba. Puede ser por un simple saludo y todo finalizar. A mi me gusta la vida y ac\u00e1 empez\u00e1s a valorar un mont\u00f3n de cosas. Hay que tomar conciencia y cuidarse\u00bb,\u00a0<\/em>expres\u00f3.<\/p>\n\n\n\n<p>Edici\u00f3n: Las Rosas Digital<\/p>\n","protected":false},"excerpt":{"rendered":"<p>El primer enfermo por Covid19 de Las Rosas, habl\u00f3 por Renacer Regional esta tarde. \u00abEs una enfermedad que te pone muy mal\u00bb, dijo. \u00abTengan muchos cuidados\u00bb \u00abLa verdad que esto me lo ligue y no sabemos como pudo haber sido, pero me toco lamentablemente. No es f\u00e1cil, todav\u00eda estoy con ayuda de oxigeno. La gente <a href=\"https:\/\/armstrongyregion.com.ar\/diario\/fernando-morata-cuidense-mucho-hubo-un-momento-que-pense-que-era-el-final\/\" title=\"Read more\" >&#8230;<\/a><\/p>\n","protected":false},"author":1,"featured_media":25500,"comment_status":"open","ping_status":"open","sticky":false,"template":"","format":"image","meta":{"_jetpack_memberships_contains_paid_content":false,"footnotes":"","jetpack_publicize_message":"","jetpack_publicize_feature_enabled":true,"jetpack_social_post_already_shared":true,"jetpack_social_options":{"image_generator_settings":{"template":"highway","default_image_id":0,"enabled":false},"version":2}},"categories":[8,1,4,3],"tags":[],"class_list":["post-25499","post","type-post","status-publish","format-image","has-post-thumbnail","hentry","category-deliberando","category-diario-armstrong","category-prevencion-salud","category-region","post_format-post-format-image"],"jetpack_publicize_connections":[],"jetpack_featured_media_url":"https:\/\/armstrongyregion.com.ar\/diario\/wp-content\/uploads\/2020\/04\/moratta-covid-.jpg","jetpack_shortlink":"https:\/\/wp.me\/p62QDO-6Dh","jetpack_sharing_enabled":true,"amp_enabled":true,"_links":{"self":[{"href":"https:\/\/armstrongyregion.com.ar\/diario\/wp-json\/wp\/v2\/posts\/25499","targetHints":{"allow":["GET"]}}],"collection":[{"href":"https:\/\/armstrongyregion.com.ar\/diario\/wp-json\/wp\/v2\/posts"}],"about":[{"href":"https:\/\/armstrongyregion.com.ar\/diario\/wp-json\/wp\/v2\/types\/post"}],"author":[{"embeddable":true,"href":"https:\/\/armstrongyregion.com.ar\/diario\/wp-json\/wp\/v2\/users\/1"}],"replies":[{"embeddable":true,"href":"https:\/\/armstrongyregion.com.ar\/diario\/wp-json\/wp\/v2\/comments?post=25499"}],"version-history":[{"count":3,"href":"https:\/\/armstrongyregion.com.ar\/diario\/wp-json\/wp\/v2\/posts\/25499\/revisions"}],"predecessor-version":[{"id":25507,"href":"https:\/\/armstrongyregion.com.ar\/diario\/wp-json\/wp\/v2\/posts\/25499\/revisions\/25507"}],"wp:featuredmedia":[{"embeddable":true,"href":"https:\/\/armstrongyregion.com.ar\/diario\/wp-json\/wp\/v2\/media\/25500"}],"wp:attachment":[{"href":"https:\/\/armstrongyregion.com.ar\/diario\/wp-json\/wp\/v2\/media?parent=25499"}],"wp:term":[{"taxonomy":"category","embeddable":true,"href":"https:\/\/armstrongyregion.com.ar\/diario\/wp-json\/wp\/v2\/categories?post=25499"},{"taxonomy":"post_tag","embeddable":true,"href":"https:\/\/armstrongyregion.com.ar\/diario\/wp-json\/wp\/v2\/tags?post=25499"}],"curies":[{"name":"wp","href":"https:\/\/api.w.org\/{rel}","templated":true}]}}