{"id":25490,"date":"2020-04-15T15:28:31","date_gmt":"2020-04-15T15:28:31","guid":{"rendered":"https:\/\/armstrongyregion.com.ar\/diario\/?p=25490"},"modified":"2020-04-15T15:28:35","modified_gmt":"2020-04-15T15:28:35","slug":"emprendedor-de-los-molinos-creo-nuevo-prototipo-de-respirador-artificial-de-emergencia","status":"publish","type":"post","link":"https:\/\/armstrongyregion.com.ar\/diario\/emprendedor-de-los-molinos-creo-nuevo-prototipo-de-respirador-artificial-de-emergencia\/","title":{"rendered":"Emprendedor de Los Molinos cre\u00f3 nuevo prototipo de respirador artificial de emergencia"},"content":{"rendered":"\n<figure class=\"wp-block-image size-large\"><img loading=\"lazy\" decoding=\"async\" width=\"696\" height=\"502\" src=\"http:\/\/armstrongyregion.com.ar\/diario\/wp-content\/uploads\/2020\/04\/respirador-losmolinos.jpeg\" alt=\"\" class=\"wp-image-25491\" srcset=\"https:\/\/armstrongyregion.com.ar\/diario\/wp-content\/uploads\/2020\/04\/respirador-losmolinos.jpeg 696w, https:\/\/armstrongyregion.com.ar\/diario\/wp-content\/uploads\/2020\/04\/respirador-losmolinos-300x216.jpeg 300w\" sizes=\"auto, (max-width: 696px) 100vw, 696px\" \/><\/figure>\n\n\n\n<h2 class=\"wp-block-heading\"> \u201cSe podr\u00eda fabricar en serie, muy r\u00e1pidamente y en esta zona de la provincia\u201d. <\/h2>\n\n\n\n<p>Un joven dise\u00f1ador industrial y t\u00e9cnico en Rob\u00f3tica de la localidad de Los Molinos, departamento de Caseros, cre\u00f3 un nuevo prototipo de ventilador aut\u00f3nomo, dispositivos que han cobrado suma importancia en las \u00faltimas semanas ante el contexto de crisis sanitaria que atraviesa el pa\u00eds en el marco de la pandemia covid-19.<\/p>\n\n\n\n<p>Se trata de Eli\u00e1n Vranicich (31), director de la empresa Ibot, que desde hace 7 a\u00f1os se dedica a la fabricaci\u00f3n de impresoras 3D, router CNC y otros tipos de maquinarias autom\u00e1ticas. Tras analizar los equipos de respiradores que se estaban realizando en Rosario, se propuso crear un dise\u00f1o \u201csuperador\u201d, para lo que reuni\u00f3 a un grupo de trabajo, integrado por un m\u00e9dico, un ingeniero electr\u00f3nico y un t\u00e9cnico mec\u00e1nico, para desarrollar el prototipo.<\/p>\n\n\n\n<p>En di\u00e1logo con ON24, el emprendedor santafesino remarc\u00f3 que el producto alcanzado, y bautizado bajo la marca InspirAre, fue elaborado con insumos 100% nacionales y destac\u00f3 que es un modelo que&nbsp;<em>\u201cse podr\u00eda fabricar en serie, muy r\u00e1pidamente y en esta zona de la provincia<\/em>\u201d. Es decir que \u201c<em>no dependemos de insumos de afuera, como otros dise\u00f1os que precisan una v\u00e1lvula de determinado pa\u00eds, por ejemplo\u201d<\/em>, subray\u00f3.<\/p>\n\n\n\n<p>Seg\u00fan afirm\u00f3 el director de Ibot,&nbsp;<em>\u201cmejoramos en cuanto a calidad constructiva y capacidad productiva\u201d, y si bien la \u00fanica limitaci\u00f3n es el espacio para fabricarlo en grandes cantidades, cont\u00f3 que \u201ctenemos acuerdos con otras empresas de la regi\u00f3n que nos brindar\u00edan el lugar\u201d.<\/em><\/p>\n\n\n\n<p>Entre las pymes que forman parte del proyecto est\u00e1n Tornado Electr\u00f3nica SRL, de Casilda; Fundici\u00f3n Palazzo SRL, de Las Parejas; Volont\u00e9 Hnas., de Arequito, y Rami Engranajes, tambi\u00e9n de Los Molinos.<\/p>\n\n\n\n<p>&nbsp;Cabe se\u00f1alar que InspirAre es un ventilador aut\u00f3nomo y de emergencia, ya que, seg\u00fan explic\u00f3 su creador, la diferencia con los equipos profesionales es que est\u00e1 capacitado para asistir a un paciente con problemas respiratorios como los que provoca el covid-19 por un periodo determinado, aunque su autonom\u00eda -as\u00ed como su valor de mercado- a\u00fan no fueron definidos.<\/p>\n\n\n\n<p>Es que el producto se encuentra en la etapa de prototipo, por lo que la empresa est\u00e1 ultimando detalles y mejoras del mismo para presentarlo ante la Anmat (Administraci\u00f3n Nacional de Medicamentos, Alimentos y Tecnolog\u00eda M\u00e9dica), organismo que ser\u00e1 el encargado de homologarlo para que pueda salir al ruedo.<\/p>\n\n\n\n<figure class=\"wp-block-image\"><img decoding=\"async\" src=\"http:\/\/lasrosasdigital.com.ar\/download\/multimedia.normal.a9cb3bc621c91d9e.72657370697261646f72206c6f73206d6f6c696e6f7320325f6e6f726d616c2e6a706567.jpeg\" alt=\"respirador los molinos 2\"\/><\/figure>\n\n\n\n<p><br><strong>INTEGRANTES DEL PROYECTO<br><\/strong>Adem\u00e1s de Eli\u00e1n, el equipo de trabajo lo completan el doctor Emilio Foco; el t\u00e9cnico en sistemas electr\u00f3nicos Emiliano Berlanga; el ingeniero mec\u00e1nico Juan Manual Tallei; el t\u00e9cnico operador de CNC Iv\u00e1n Ibarra y el dise\u00f1ador industrial Mauricio Santinelli, tambi\u00e9n profesor de la Universidad Cat\u00f3lica.<\/p>\n\n\n\n<p>Fuente:&nbsp;<a href=\"https:\/\/www.on24.com.ar\/locales\/emprendedor-de-los-molinos-creo-nuevo-prototipo-de-respirador-artificial-de-emergencia\/\" rel=\"noreferrer noopener\" target=\"_blank\">Redacci\u00f3n ON24<\/a><\/p>\n","protected":false},"excerpt":{"rendered":"<p>\u201cSe podr\u00eda fabricar en serie, muy r\u00e1pidamente y en esta zona de la provincia\u201d. Un joven dise\u00f1ador industrial y t\u00e9cnico en Rob\u00f3tica de la localidad de Los Molinos, departamento de Caseros, cre\u00f3 un nuevo prototipo de ventilador aut\u00f3nomo, dispositivos que han cobrado suma importancia en las \u00faltimas semanas ante el contexto de crisis sanitaria que <a href=\"https:\/\/armstrongyregion.com.ar\/diario\/emprendedor-de-los-molinos-creo-nuevo-prototipo-de-respirador-artificial-de-emergencia\/\" title=\"Read more\" >&#8230;<\/a><\/p>\n","protected":false},"author":1,"featured_media":25491,"comment_status":"open","ping_status":"open","sticky":false,"template":"","format":"image","meta":{"_jetpack_memberships_contains_paid_content":false,"footnotes":"","jetpack_publicize_message":"","jetpack_publicize_feature_enabled":true,"jetpack_social_post_already_shared":true,"jetpack_social_options":{"image_generator_settings":{"template":"highway","default_image_id":0,"enabled":false},"version":2}},"categories":[8,1,4,3],"tags":[],"class_list":["post-25490","post","type-post","status-publish","format-image","has-post-thumbnail","hentry","category-deliberando","category-diario-armstrong","category-prevencion-salud","category-region","post_format-post-format-image"],"jetpack_publicize_connections":[],"jetpack_featured_media_url":"https:\/\/armstrongyregion.com.ar\/diario\/wp-content\/uploads\/2020\/04\/respirador-losmolinos.jpeg","jetpack_shortlink":"https:\/\/wp.me\/p62QDO-6D8","jetpack_sharing_enabled":true,"amp_enabled":true,"_links":{"self":[{"href":"https:\/\/armstrongyregion.com.ar\/diario\/wp-json\/wp\/v2\/posts\/25490","targetHints":{"allow":["GET"]}}],"collection":[{"href":"https:\/\/armstrongyregion.com.ar\/diario\/wp-json\/wp\/v2\/posts"}],"about":[{"href":"https:\/\/armstrongyregion.com.ar\/diario\/wp-json\/wp\/v2\/types\/post"}],"author":[{"embeddable":true,"href":"https:\/\/armstrongyregion.com.ar\/diario\/wp-json\/wp\/v2\/users\/1"}],"replies":[{"embeddable":true,"href":"https:\/\/armstrongyregion.com.ar\/diario\/wp-json\/wp\/v2\/comments?post=25490"}],"version-history":[{"count":1,"href":"https:\/\/armstrongyregion.com.ar\/diario\/wp-json\/wp\/v2\/posts\/25490\/revisions"}],"predecessor-version":[{"id":25492,"href":"https:\/\/armstrongyregion.com.ar\/diario\/wp-json\/wp\/v2\/posts\/25490\/revisions\/25492"}],"wp:featuredmedia":[{"embeddable":true,"href":"https:\/\/armstrongyregion.com.ar\/diario\/wp-json\/wp\/v2\/media\/25491"}],"wp:attachment":[{"href":"https:\/\/armstrongyregion.com.ar\/diario\/wp-json\/wp\/v2\/media?parent=25490"}],"wp:term":[{"taxonomy":"category","embeddable":true,"href":"https:\/\/armstrongyregion.com.ar\/diario\/wp-json\/wp\/v2\/categories?post=25490"},{"taxonomy":"post_tag","embeddable":true,"href":"https:\/\/armstrongyregion.com.ar\/diario\/wp-json\/wp\/v2\/tags?post=25490"}],"curies":[{"name":"wp","href":"https:\/\/api.w.org\/{rel}","templated":true}]}}