{"id":25475,"date":"2020-04-13T13:28:13","date_gmt":"2020-04-13T13:28:13","guid":{"rendered":"https:\/\/armstrongyregion.com.ar\/diario\/?p=25475"},"modified":"2020-04-13T13:28:17","modified_gmt":"2020-04-13T13:28:17","slug":"canada-de-gomez-visita-del-sub-secretario-pcial-de-acceso-a-la-salud","status":"publish","type":"post","link":"https:\/\/armstrongyregion.com.ar\/diario\/canada-de-gomez-visita-del-sub-secretario-pcial-de-acceso-a-la-salud\/","title":{"rendered":"Ca\u00f1ada de G\u00f3mez. Visita del Sub-Secretario Pcial. de Acceso a la Salud."},"content":{"rendered":"\n<figure class=\"wp-block-image size-large\"><img loading=\"lazy\" decoding=\"async\" width=\"768\" height=\"512\" src=\"http:\/\/armstrongyregion.com.ar\/diario\/wp-content\/uploads\/2020\/04\/Rajmil-ca\u00f1ada-.jpeg\" alt=\"\" class=\"wp-image-25476\" srcset=\"https:\/\/armstrongyregion.com.ar\/diario\/wp-content\/uploads\/2020\/04\/Rajmil-ca\u00f1ada-.jpeg 768w, https:\/\/armstrongyregion.com.ar\/diario\/wp-content\/uploads\/2020\/04\/Rajmil-ca\u00f1ada--300x200.jpeg 300w\" sizes=\"auto, (max-width: 768px) 100vw, 768px\" \/><\/figure>\n\n\n\n<p>\n\nGuillermo Rajmil, funcionario provincial de la cartera de Salud, recorri\u00f3 junto a la intendenta Cl\u00e9rici y el director del Hospital San Jos\u00e9, Gonzalo Rodr\u00edguez, el conjunto de obras que se ejecutan en el efector y conoci\u00f3 el SUM del Parque Municipal, donde funcionar\u00e1 un centro de camas leves para aislamiento de pacientes confirmados de coronavirus. Tambi\u00e9n visitaron obras de re funcionalizaci\u00f3n en Sanatorio Regional.<\/p>\n\n\n\n<p>La intendenta Stella Cl\u00e9rici y el director del Hospital Provincial San Jos\u00e9, Dr. Gonzalo Rodr\u00edguez, recibieron al subsecretario de Acceso a la Salud, Guillermo Rajmil, para recorrer el avance de las obras de remodelaci\u00f3n que se llevan a cabo con aportes de municipio y provincia en el el efector local.<br>Adem\u00e1s visitaron el SUM del Parque Municipal donde se montar\u00e1 uno de los centros de camas leves para aislamiento de pacientes confirmados de coronavirus, que no cuenten con condiciones para mantener el distanciamiento en sus hogares y no requieran internaci\u00f3n hospitalaria. Por \u00faltimo recorrieron el \u00e1rea de aislamiento que est\u00e1 preparando el Sanatorio Regional &nbsp;para pacientes con sospecha de Covid-19.<br>En este sentido Rajmil remarc\u00f3 \u201cen la Provincia estamos organizando un sistema de salud para que no colapse. En Ca\u00f1ada tenemos un Centro de Aislaci\u00f3n modelo en la provincia, con todas las condiciones necesarias\u201d. Por su parte, Cl\u00e9rici subray\u00f3 \u201cesta situaci\u00f3n demanda un trabajo en conjunto de todos los sectores p\u00fablico y privado y es lo que estamos impulsando desde el Municipio junto a Provincia, Hospital y Sanatorios\u201d. &nbsp;&nbsp;&nbsp;<\/p>\n\n\n\n<p><\/p>\n","protected":false},"excerpt":{"rendered":"<p>Guillermo Rajmil, funcionario provincial de la cartera de Salud, recorri\u00f3 junto a la intendenta Cl\u00e9rici y el director del Hospital San Jos\u00e9, Gonzalo Rodr\u00edguez, el conjunto de obras que se ejecutan en el efector y conoci\u00f3 el SUM del Parque Municipal, donde funcionar\u00e1 un centro de camas leves para aislamiento de pacientes confirmados de coronavirus. <a href=\"https:\/\/armstrongyregion.com.ar\/diario\/canada-de-gomez-visita-del-sub-secretario-pcial-de-acceso-a-la-salud\/\" title=\"Read more\" >&#8230;<\/a><\/p>\n","protected":false},"author":1,"featured_media":25476,"comment_status":"open","ping_status":"open","sticky":false,"template":"","format":"image","meta":{"_jetpack_memberships_contains_paid_content":false,"footnotes":"","jetpack_publicize_message":"","jetpack_publicize_feature_enabled":true,"jetpack_social_post_already_shared":true,"jetpack_social_options":{"image_generator_settings":{"template":"highway","default_image_id":0,"enabled":false},"version":2}},"categories":[8,1,2,4,3],"tags":[],"class_list":["post-25475","post","type-post","status-publish","format-image","has-post-thumbnail","hentry","category-deliberando","category-diario-armstrong","category-locales","category-prevencion-salud","category-region","post_format-post-format-image"],"jetpack_publicize_connections":[],"jetpack_featured_media_url":"https:\/\/armstrongyregion.com.ar\/diario\/wp-content\/uploads\/2020\/04\/Rajmil-ca\u00f1ada-.jpeg","jetpack_shortlink":"https:\/\/wp.me\/p62QDO-6CT","jetpack_sharing_enabled":true,"amp_enabled":true,"_links":{"self":[{"href":"https:\/\/armstrongyregion.com.ar\/diario\/wp-json\/wp\/v2\/posts\/25475","targetHints":{"allow":["GET"]}}],"collection":[{"href":"https:\/\/armstrongyregion.com.ar\/diario\/wp-json\/wp\/v2\/posts"}],"about":[{"href":"https:\/\/armstrongyregion.com.ar\/diario\/wp-json\/wp\/v2\/types\/post"}],"author":[{"embeddable":true,"href":"https:\/\/armstrongyregion.com.ar\/diario\/wp-json\/wp\/v2\/users\/1"}],"replies":[{"embeddable":true,"href":"https:\/\/armstrongyregion.com.ar\/diario\/wp-json\/wp\/v2\/comments?post=25475"}],"version-history":[{"count":1,"href":"https:\/\/armstrongyregion.com.ar\/diario\/wp-json\/wp\/v2\/posts\/25475\/revisions"}],"predecessor-version":[{"id":25477,"href":"https:\/\/armstrongyregion.com.ar\/diario\/wp-json\/wp\/v2\/posts\/25475\/revisions\/25477"}],"wp:featuredmedia":[{"embeddable":true,"href":"https:\/\/armstrongyregion.com.ar\/diario\/wp-json\/wp\/v2\/media\/25476"}],"wp:attachment":[{"href":"https:\/\/armstrongyregion.com.ar\/diario\/wp-json\/wp\/v2\/media?parent=25475"}],"wp:term":[{"taxonomy":"category","embeddable":true,"href":"https:\/\/armstrongyregion.com.ar\/diario\/wp-json\/wp\/v2\/categories?post=25475"},{"taxonomy":"post_tag","embeddable":true,"href":"https:\/\/armstrongyregion.com.ar\/diario\/wp-json\/wp\/v2\/tags?post=25475"}],"curies":[{"name":"wp","href":"https:\/\/api.w.org\/{rel}","templated":true}]}}