{"id":25472,"date":"2020-04-13T13:23:07","date_gmt":"2020-04-13T13:23:07","guid":{"rendered":"https:\/\/armstrongyregion.com.ar\/diario\/?p=25472"},"modified":"2020-04-13T13:23:11","modified_gmt":"2020-04-13T13:23:11","slug":"entrevista-a-felix-bonilla-infectado-de-covid-19-luego-de-haber-perdido-a-su-esposa-por-guillermo-soria","status":"publish","type":"post","link":"https:\/\/armstrongyregion.com.ar\/diario\/entrevista-a-felix-bonilla-infectado-de-covid-19-luego-de-haber-perdido-a-su-esposa-por-guillermo-soria\/","title":{"rendered":"Entrevista a Felix Bonilla infectado de Covid-19 luego de haber perdido a su esposa. Por Guillermo Soria."},"content":{"rendered":"\n<figure class=\"wp-block-image size-large\"><img loading=\"lazy\" decoding=\"async\" width=\"768\" height=\"432\" src=\"http:\/\/armstrongyregion.com.ar\/diario\/wp-content\/uploads\/2020\/04\/CAP-ENTREVISTA.png\" alt=\"\" class=\"wp-image-25473\" srcset=\"https:\/\/armstrongyregion.com.ar\/diario\/wp-content\/uploads\/2020\/04\/CAP-ENTREVISTA.png 768w, https:\/\/armstrongyregion.com.ar\/diario\/wp-content\/uploads\/2020\/04\/CAP-ENTREVISTA-300x169.png 300w\" sizes=\"auto, (max-width: 768px) 100vw, 768px\" \/><\/figure>\n\n\n\n<p> El Argentino Guillermo Soria (Pocho) entrevista a F\u00e9lix R. Bonilla Col\u00f3n, infectado con coronavirus despu\u00e9s de haber perdido a su querida esposa, v\u00edctima de esta terrible pandemia.<\/p>\n\n\n\n<figure class=\"wp-block-embed-youtube wp-block-embed is-type-video is-provider-youtube wp-embed-aspect-16-9 wp-has-aspect-ratio\"><div class=\"wp-block-embed__wrapper\">\n<iframe loading=\"lazy\" title=\"ENTREVISTA A INFECTADO CON CORONAVIRUS\" width=\"800\" height=\"450\" src=\"https:\/\/www.youtube.com\/embed\/PPTcTZxtCAA?feature=oembed\" frameborder=\"0\" allow=\"accelerometer; autoplay; encrypted-media; gyroscope; picture-in-picture\" allowfullscreen><\/iframe>\n<\/div><\/figure>\n\n\n\n<p>Una repentina tos seca y falta de aire le avisaron a Teresa Ortiz Matos que algo andaba mal con su salud. Media hora despu\u00e9s ya estaba en una cl\u00ednica y, tras detectarle fiebre, la aislaron. Al quinto d\u00eda le indujeron un estado de coma. Este pasado lunes, a casi una semana de haber comenzado todo, la mujer de 53 a\u00f1os falleci\u00f3 a causa del COVID-19.<\/p>\n\n\n\n<p>Felix Bonilla Col\u00f3n, su esposo, luce resignado ante la p\u00e9rdida de quien fuera su compa\u00f1era de vida por 15 a\u00f1os. La describe como una guerrera, pues hace tiempo ven\u00eda luchando con condiciones de salud previas. Ahora permanece aislado en su casa, ya que los resultados de sus an\u00e1lisis para detectar un posible contagio dieron positivo. No ha mostrado s\u00edntomas hasta el momento.<\/p>\n\n\n\n<p>\u201cNunca hubo s\u00edntomas anteriores a una tos que le dio, se asfixi\u00f3, y de ah\u00ed tuvimos que salir al hospital\u201d, relat\u00f3 Bonilla recordando lo ocurrido la noche del pasado martes 24 de marzo. \u201cMedia hora despu\u00e9s llegamos al Bayamon Health Center y de inmediato le detectaron fiebre. El doctor me dijo que le har\u00eda placas de pecho, que ya yo no pod\u00eda estar m\u00e1s con ella. Ya en ese momento la comenzaron a tratar como paciente de COVID\u201d<\/p>\n\n\n\n<p>La placa de pecho revel\u00f3 en cuesti\u00f3n de minutos que Maritere ten\u00eda pulmon\u00eda. En poco tiempo la trasladaron en ambulancia al Hospital Regional de Bayam\u00f3n. A Bonilla no le permitieron verla m\u00e1s. Se tuvo que conformar con actualizaciones que los m\u00e9dicos le daban cada dos horas. Fue en ese hospital donde le realizaron la prueba para detectar el coronavirus, y tres d\u00edas despu\u00e9s se supo que hab\u00eda arrojado un resultado positivo.<\/p>\n\n\n\n<p>\u201cElla misma firm\u00f3 para aceptar la inducci\u00f3n al coma y puso como condici\u00f3n que la dejaran despedirse de m\u00ed. Al enterarme se me cay\u00f3 el mundo, sabiendo de sus condiciones previas. Con mis guantes y mascarilla puesta me acerqu\u00e9 y ella me explic\u00f3 todo. Me dijo que estuviera tranquilo, que en ese hospital ya la hab\u00edan salvado de todo lo que le hab\u00eda pasado antes. Al final, me dijo que nos ver\u00edamos en cinco d\u00edas\u201d, indic\u00f3 Bonilla.<\/p>\n\n\n\n<p>Maritere falleci\u00f3 al mediod\u00eda del pasado lunes, justo cinco d\u00edas despu\u00e9s de aquellas \u00faltimas palabras. Su esposo no lo toma como una derrota, por el contrario, afirma que Dios la san\u00f3 de todas sus enfermedades para que ahora descanse tranquila.<\/p>\n\n\n\n<p>\u201cEs triste lo que hace este virus. No te deja darle el \u00faltimo adi\u00f3s a esa persona que amas\u201d, concluy\u00f3 Bonilla.<br><\/p>\n","protected":false},"excerpt":{"rendered":"<p>El Argentino Guillermo Soria (Pocho) entrevista a F\u00e9lix R. Bonilla Col\u00f3n, infectado con coronavirus despu\u00e9s de haber perdido a su querida esposa, v\u00edctima de esta terrible pandemia. Una repentina tos seca y falta de aire le avisaron a Teresa Ortiz Matos que algo andaba mal con su salud. Media hora despu\u00e9s ya estaba en una <a href=\"https:\/\/armstrongyregion.com.ar\/diario\/entrevista-a-felix-bonilla-infectado-de-covid-19-luego-de-haber-perdido-a-su-esposa-por-guillermo-soria\/\" title=\"Read more\" >&#8230;<\/a><\/p>\n","protected":false},"author":1,"featured_media":25473,"comment_status":"open","ping_status":"open","sticky":false,"template":"","format":"image","meta":{"_jetpack_memberships_contains_paid_content":false,"footnotes":"","jetpack_publicize_message":"","jetpack_publicize_feature_enabled":true,"jetpack_social_post_already_shared":true,"jetpack_social_options":{"image_generator_settings":{"template":"highway","default_image_id":0,"enabled":false},"version":2}},"categories":[8,1,2,4,3],"tags":[],"class_list":["post-25472","post","type-post","status-publish","format-image","has-post-thumbnail","hentry","category-deliberando","category-diario-armstrong","category-locales","category-prevencion-salud","category-region","post_format-post-format-image"],"jetpack_publicize_connections":[],"jetpack_featured_media_url":"https:\/\/armstrongyregion.com.ar\/diario\/wp-content\/uploads\/2020\/04\/CAP-ENTREVISTA.png","jetpack_shortlink":"https:\/\/wp.me\/p62QDO-6CQ","jetpack_sharing_enabled":true,"amp_enabled":true,"_links":{"self":[{"href":"https:\/\/armstrongyregion.com.ar\/diario\/wp-json\/wp\/v2\/posts\/25472","targetHints":{"allow":["GET"]}}],"collection":[{"href":"https:\/\/armstrongyregion.com.ar\/diario\/wp-json\/wp\/v2\/posts"}],"about":[{"href":"https:\/\/armstrongyregion.com.ar\/diario\/wp-json\/wp\/v2\/types\/post"}],"author":[{"embeddable":true,"href":"https:\/\/armstrongyregion.com.ar\/diario\/wp-json\/wp\/v2\/users\/1"}],"replies":[{"embeddable":true,"href":"https:\/\/armstrongyregion.com.ar\/diario\/wp-json\/wp\/v2\/comments?post=25472"}],"version-history":[{"count":1,"href":"https:\/\/armstrongyregion.com.ar\/diario\/wp-json\/wp\/v2\/posts\/25472\/revisions"}],"predecessor-version":[{"id":25474,"href":"https:\/\/armstrongyregion.com.ar\/diario\/wp-json\/wp\/v2\/posts\/25472\/revisions\/25474"}],"wp:featuredmedia":[{"embeddable":true,"href":"https:\/\/armstrongyregion.com.ar\/diario\/wp-json\/wp\/v2\/media\/25473"}],"wp:attachment":[{"href":"https:\/\/armstrongyregion.com.ar\/diario\/wp-json\/wp\/v2\/media?parent=25472"}],"wp:term":[{"taxonomy":"category","embeddable":true,"href":"https:\/\/armstrongyregion.com.ar\/diario\/wp-json\/wp\/v2\/categories?post=25472"},{"taxonomy":"post_tag","embeddable":true,"href":"https:\/\/armstrongyregion.com.ar\/diario\/wp-json\/wp\/v2\/tags?post=25472"}],"curies":[{"name":"wp","href":"https:\/\/api.w.org\/{rel}","templated":true}]}}